{"id":2739,"date":"2020-05-14T04:26:21","date_gmt":"2020-05-14T04:26:21","guid":{"rendered":"http:\/\/news-fm.ro\/?p=2739"},"modified":"2020-05-14T04:26:27","modified_gmt":"2020-05-14T04:26:27","slug":"billie-eilish-a-obtinut-un-ordin-de-restrictie-impotriva-unui-fan","status":"publish","type":"post","link":"https:\/\/news-fm.ro\/index.php\/2020\/05\/14\/billie-eilish-a-obtinut-un-ordin-de-restrictie-impotriva-unui-fan\/","title":{"rendered":"Billie Eilish a ob\u021binut un ordin de restric\u021bie \u00eempotriva unui fan"},"content":{"rendered":"\n<figure class=\"wp-block-image size-large\"><img decoding=\"async\" src=\"https:\/\/news-fm.ro\/wp-content\/uploads\/2020\/05\/billie-eilish-1024x683.jpg\" alt=\"\" class=\"wp-image-2644\"\/><\/figure>\n\n\n\n<p class=\"wp-block-paragraph\">Recent, un judec\u0103tor a acceptat cererea depus\u0103 de Billie Eilish \u0219i de familia sa de a primi un ordin de restric\u021bie \u00eempotriva unei persoane care le-a \u00eenc\u0103lcat \u00een mod repetat proprietatea.<\/p>\n\n\n\n<p class=\"wp-block-paragraph\">Potrivit TMZ, Prenell Rousseau, \u00een v\u00e2rst\u0103 de 24 de ani, a \u00eenceput s\u0103 se prezinte la re\u0219edin\u021ba Eilish lunea trecut\u0103. \u00cen total, el a \u00eenc\u0103lcat proprietatea de \u0219apte ori.\u00a0Billie Eilish \u0219i familia sa nu erau \u00eengrijora\u021bi doar de Rousseau \u00eensu\u0219i, ci \u0219i de faptul c\u0103 ar putea r\u0103sp\u00e2ndi coronavirusul.\u00a0Nu a purtat masc\u0103 sau m\u0103nu\u0219i de cele mai multe ori.<\/p>\n\n\n\n<p class=\"wp-block-paragraph\">Se presupune c\u0103 Rousseau a sunat la sonerie \u0219i a \u00eentrebat dac\u0103 Billie Eilish locuie\u0219te acolo. Tat\u0103l lui Billie, Patrick O&#8217;Connell a r\u0103spuns la u\u0219\u0103 \u0219i i-a spus individului c\u0103 a gre\u0219it adresa. Lucrurile nu s-au terminat aici. Rousseau s-ar fi \u00eentors c\u00e2teva ore mai t\u00e2rziu \u0219i a prezentat un comportament turbulent.<\/p>\n\n\n\n<blockquote class=\"wp-block-quote is-layout-flow wp-block-quote-is-layout-flow\"><p>\u00cen timp ce am a\u0219teptat g\u0103rzile de corp, domnul Rousseau a r\u0103mas pe veranda noastr\u0103, s-a a\u0219ezat \u0219i a \u00eenceput s\u0103 citeasc\u0103 o carte, continu\u00e2nd totodat\u0103 s\u0103 se angajeze \u00eentr-un monolog periodic. Tat\u0103l meu i-a cerut \u00een mod repetat s\u0103 plece, dar a refuzat,\u00a0<\/p><cite><strong>a spus Billie Eilish<\/strong>.<\/cite><\/blockquote>\n\n\n\n<p class=\"wp-block-paragraph\">La cererea g\u0103rzilor de corp, Rousseau a fost de acord s\u0103 plece, \u00eens\u0103 s-a \u00eentors la scurt timp \u0219i s-a a\u0219ezat \u00een spatele unui zid, gata s\u0103-\u0219i petreac\u0103 noaptea acolo. A revenit \u0219i a doua zi \u0219i a \u00eencercat s\u0103 intre \u00een casa artistei pe u\u0219a principal\u0103.<\/p>\n\n\n\n<p class=\"wp-block-paragraph\"><strong>Billie Eilish a spus c\u0103 s-a \u00eentors de \u0219apte ori \u0219i a fost arestat preventiv de dou\u0103 ori<\/strong>. \u00cens\u0103, consider\u00e2nd c\u0103 \u00eenc\u0103lcarea propriet\u0103\u021bii este o infrac\u021biune non-violent\u0103 \u0219i autorit\u0103\u021bile americane \u00eencearc\u0103 s\u0103 reduc\u0103 r\u0103sp\u00e2ndirea coronavirusului permi\u021b\u00e2nd infractorilor non-violen\u021bi s\u0103 r\u0103m\u00e2n\u0103 pe str\u0103zi, &#8220;fanul&#8221; lui Billie a fost eliberat.<\/p>\n\n\n\n<p class=\"wp-block-paragraph\">\u00cen urma acestor incidente, Billie Eilish \u0219i familia sa au depus o cerere pentru un ordin de restric\u021bie.\u00a0\u00a0Judec\u0103torul a emis un ordin de restric\u021bie temporar\u0103 prin care i-a cerut lui Rousseau s\u0103 \u00eenceteze contactul cu oricine din familia c\u00e2nt\u0103re\u021bei \u0219i s\u0103 stea la 200 de metri distan\u021b\u0103.\u00a0Audierea \u00een acest caz va avea loc pe 1 iunie.<\/p>\n\n\n\n<p class=\"wp-block-paragraph\"><a href=\"https:\/\/www.infomusic.ro\/2020\/05\/billie-eilish-a-obtinut-un-ordin-de-restrictie-impotriva-unui-fan\/\">INFO MUSIC<\/a><\/p>\n","protected":false},"excerpt":{"rendered":"<p>Recent, un judec\u0103tor a acceptat cererea depus\u0103 de Billie Eilish \u0219i de familia sa de a primi un ordin de restric\u021bie \u00eempotriva unei persoane care le-a \u00eenc\u0103lcat \u00een mod repetat proprietatea. Potrivit TMZ, Prenell Rousseau, \u00een v\u00e2rst\u0103 de 24 de ani, a \u00eenceput s\u0103 se prezinte la re\u0219edin\u021ba Eilish lunea trecut\u0103. \u00cen total, el a [&hellip;]<\/p>\n","protected":false},"author":1,"featured_media":0,"comment_status":"closed","ping_status":"closed","sticky":false,"template":"","format":"standard","meta":{"_crdt_document":"","footnotes":""},"categories":[3],"tags":[],"class_list":["post-2739","post","type-post","status-publish","format-standard","hentry","category-stars"],"_links":{"self":[{"href":"https:\/\/news-fm.ro\/index.php\/wp-json\/wp\/v2\/posts\/2739","targetHints":{"allow":["GET"]}}],"collection":[{"href":"https:\/\/news-fm.ro\/index.php\/wp-json\/wp\/v2\/posts"}],"about":[{"href":"https:\/\/news-fm.ro\/index.php\/wp-json\/wp\/v2\/types\/post"}],"author":[{"embeddable":true,"href":"https:\/\/news-fm.ro\/index.php\/wp-json\/wp\/v2\/users\/1"}],"replies":[{"embeddable":true,"href":"https:\/\/news-fm.ro\/index.php\/wp-json\/wp\/v2\/comments?post=2739"}],"version-history":[{"count":0,"href":"https:\/\/news-fm.ro\/index.php\/wp-json\/wp\/v2\/posts\/2739\/revisions"}],"wp:attachment":[{"href":"https:\/\/news-fm.ro\/index.php\/wp-json\/wp\/v2\/media?parent=2739"}],"wp:term":[{"taxonomy":"category","embeddable":true,"href":"https:\/\/news-fm.ro\/index.php\/wp-json\/wp\/v2\/categories?post=2739"},{"taxonomy":"post_tag","embeddable":true,"href":"https:\/\/news-fm.ro\/index.php\/wp-json\/wp\/v2\/tags?post=2739"}],"curies":[{"name":"wp","href":"https:\/\/api.w.org\/{rel}","templated":true}]}}