{"id":2736,"date":"2020-05-14T04:23:37","date_gmt":"2020-05-14T04:23:37","guid":{"rendered":"http:\/\/news-fm.ro\/?p=2736"},"modified":"2020-05-14T04:23:41","modified_gmt":"2020-05-14T04:23:41","slug":"concertul-prince-and-the-revolution-live-pe-youtube","status":"publish","type":"post","link":"https:\/\/news-fm.ro\/index.php\/2020\/05\/14\/concertul-prince-and-the-revolution-live-pe-youtube\/","title":{"rendered":"Concertul \u201cPrince and the Revolution: Live\u201d, pe YouTube"},"content":{"rendered":"\n<figure class=\"wp-block-image size-large\"><img decoding=\"async\" src=\"https:\/\/news-fm.ro\/wp-content\/uploads\/2020\/05\/PRINCE.jpg\" alt=\"\" class=\"wp-image-2737\"\/><\/figure>\n\n\n\n<p class=\"wp-block-paragraph\">Concertul \u201ePrince and the Revolution: Live\u201d va fi disponibil, pe tot parcursul sf\u00e2r\u0219itului de s\u0103pt\u0103m\u00e2n\u0103, pe canalul oficial de YouTube al legendarului artist american.<\/p>\n\n\n\n<p class=\"wp-block-paragraph\">Prince Estate a \u00eencheiat un parteneriat cu platforma video \u00een acest sens.<\/p>\n\n\n\n<p class=\"wp-block-paragraph\">Inclus \u00een turneul \u201cPurple Rain\u201d, concertul s-a desf\u0103\u0219urat pe 30 martie 1985, la Syracuse.<\/p>\n\n\n\n<p class=\"wp-block-paragraph\">Transmisiunea va contribui la str\u00e2ngerea de fonduri \u00een sprijinul fondului de lupt\u0103 contra COVID-19 al Organiza\u0163iei Mondiale a S\u0103n\u0103t\u0103\u0163ii.<\/p>\n\n\n\n<p class=\"wp-block-paragraph\">Orice dona\u0163ie va fi dublat\u0103 de Google, care de\u021bine YouTube.<\/p>\n\n\n\n<p class=\"wp-block-paragraph\">Totodat\u0103, un album audio va fi lansat, vineri, pe platformele de streaming.<\/p>\n\n\n\n<figure class=\"wp-block-embed-youtube wp-block-embed is-type-video is-provider-youtube wp-embed-aspect-16-9 wp-has-aspect-ratio\"><div class=\"wp-block-embed__wrapper\">\n<iframe title=\"Prince - Purple Rain (Official Video)\" width=\"1140\" height=\"641\" src=\"https:\/\/www.youtube.com\/embed\/TvnYmWpD_T8?feature=oembed\" frameborder=\"0\" allow=\"accelerometer; autoplay; clipboard-write; encrypted-media; gyroscope; picture-in-picture; web-share\" allowfullscreen><\/iframe>\n<\/div><\/figure>\n\n\n\n<p class=\"wp-block-paragraph\"><a href=\"https:\/\/www.europafm.ro\/concertul-prince-and-the-revolution-live-pe-youtube\/\">EUROPA FM<\/a><\/p>\n","protected":false},"excerpt":{"rendered":"<p>Concertul \u201ePrince and the Revolution: Live\u201d va fi disponibil, pe tot parcursul sf\u00e2r\u0219itului de s\u0103pt\u0103m\u00e2n\u0103, pe canalul oficial de YouTube al legendarului artist american. Prince Estate a \u00eencheiat un parteneriat cu platforma video \u00een acest sens. Inclus \u00een turneul \u201cPurple Rain\u201d, concertul s-a desf\u0103\u0219urat pe 30 martie 1985, la Syracuse. Transmisiunea va contribui la str\u00e2ngerea [&hellip;]<\/p>\n","protected":false},"author":1,"featured_media":0,"comment_status":"closed","ping_status":"closed","sticky":false,"template":"","format":"standard","meta":{"_crdt_document":"","footnotes":""},"categories":[3],"tags":[],"class_list":["post-2736","post","type-post","status-publish","format-standard","hentry","category-stars"],"_links":{"self":[{"href":"https:\/\/news-fm.ro\/index.php\/wp-json\/wp\/v2\/posts\/2736","targetHints":{"allow":["GET"]}}],"collection":[{"href":"https:\/\/news-fm.ro\/index.php\/wp-json\/wp\/v2\/posts"}],"about":[{"href":"https:\/\/news-fm.ro\/index.php\/wp-json\/wp\/v2\/types\/post"}],"author":[{"embeddable":true,"href":"https:\/\/news-fm.ro\/index.php\/wp-json\/wp\/v2\/users\/1"}],"replies":[{"embeddable":true,"href":"https:\/\/news-fm.ro\/index.php\/wp-json\/wp\/v2\/comments?post=2736"}],"version-history":[{"count":0,"href":"https:\/\/news-fm.ro\/index.php\/wp-json\/wp\/v2\/posts\/2736\/revisions"}],"wp:attachment":[{"href":"https:\/\/news-fm.ro\/index.php\/wp-json\/wp\/v2\/media?parent=2736"}],"wp:term":[{"taxonomy":"category","embeddable":true,"href":"https:\/\/news-fm.ro\/index.php\/wp-json\/wp\/v2\/categories?post=2736"},{"taxonomy":"post_tag","embeddable":true,"href":"https:\/\/news-fm.ro\/index.php\/wp-json\/wp\/v2\/tags?post=2736"}],"curies":[{"name":"wp","href":"https:\/\/api.w.org\/{rel}","templated":true}]}}