{"id":2720,"date":"2020-05-13T04:28:23","date_gmt":"2020-05-13T04:28:23","guid":{"rendered":"http:\/\/news-fm.ro\/?p=2720"},"modified":"2020-05-13T04:28:27","modified_gmt":"2020-05-13T04:28:27","slug":"youtube-si-ebu-colaboreaza-pentru-o-serie-originala-eurovision-2020","status":"publish","type":"post","link":"https:\/\/news-fm.ro\/index.php\/2020\/05\/13\/youtube-si-ebu-colaboreaza-pentru-o-serie-originala-eurovision-2020\/","title":{"rendered":"YouTube \u0219i EBU colaboreaz\u0103 pentru o serie original\u0103 EUROVISION 2020"},"content":{"rendered":"\n<figure class=\"wp-block-image size-large\"><img decoding=\"async\" src=\"https:\/\/news-fm.ro\/wp-content\/uploads\/2020\/05\/Eurovision-Song-Celebration-2020-Part-One-800x450-1.jpg\" alt=\"\" class=\"wp-image-2721\"\/><\/figure>\n\n\n\n<p class=\"wp-block-paragraph\"><strong>YouTube<\/strong>&nbsp;\u0219i&nbsp;<strong>European Broadcasting Union (EBU)<\/strong>&nbsp;colaboreaz\u0103 pentru a produce o serie de dou\u0103 episoade dedicat\u0103 concursului c\u00e2ntecelor \u0219i arti\u0219tilor care ar fi trebuit s\u0103 participe la concursul<strong>&nbsp;Eurovision 2020<\/strong>. Primul episod va avea premiera pe mar\u021bi 12 mai, la ora 22.00, iar urm\u0103torul pe 14 mai, joi, de la aceea\u0219i or\u0103.<\/p>\n\n\n\n<p class=\"wp-block-paragraph\">Ca r\u0103spuns la\u00a0anularea edi\u021biei 2020 a concursului Eurovision, aceast\u0103 serie va cuprinde toate cele 41 de c\u00e2ntece calificate la Eurovision 2020 \u0219i va avea ca invita\u021bi numero\u0219i creatori de con\u021binut pe YouTube din Europa, care vor reac\u021biona la videouri, vor intervieva arti\u0219tii \u0219i multe alte surprize.<\/p>\n\n\n\n<p class=\"wp-block-paragraph\">Dintre creatorii de con\u021binut din Rom\u00e2nia, vor participa\u00a0Maria Zvinca,\u00a0Cezara\u00a0(Cezara Cristescu),\u00a0Queen A\u00a0(Alexandra Anghel) \u0219i\u00a0Aten\u021bie, Cad Mere!\u00a0(Alex Cozma).<\/p>\n\n\n\n<p class=\"wp-block-paragraph\">Cele dou\u0103 show-uri vor fi disponibile live pe\u00a0pagina de YouTube a\u00a0Eurovision.<\/p>\n\n\n\n<p class=\"wp-block-paragraph\">Prima parte, de pe 12 mai, ora 22.00, va fi live aici:\u00a0<a rel=\"noreferrer noopener\" href=\"https:\/\/www.youtube.com\/watch?v=xNk7fAqYLiw&amp;feature=youtu.be\" target=\"_blank\">https:\/\/www.youtube.com\/watch?v=xNk7fAqYLiw&amp;feature=youtu.be<\/a>.<\/p>\n\n\n\n<p class=\"wp-block-paragraph\"><a href=\"https:\/\/virginradio.ro\/youtube-si-ebu-colaboreaza-pentru-o-serie-originala-eurovision-2020\/\">VIRGIN RADIO<\/a><\/p>\n","protected":false},"excerpt":{"rendered":"<p>YouTube&nbsp;\u0219i&nbsp;European Broadcasting Union (EBU)&nbsp;colaboreaz\u0103 pentru a produce o serie de dou\u0103 episoade dedicat\u0103 concursului c\u00e2ntecelor \u0219i arti\u0219tilor care ar fi trebuit s\u0103 participe la concursul&nbsp;Eurovision 2020. Primul episod va avea premiera pe mar\u021bi 12 mai, la ora 22.00, iar urm\u0103torul pe 14 mai, joi, de la aceea\u0219i or\u0103. Ca r\u0103spuns la\u00a0anularea edi\u021biei 2020 a concursului [&hellip;]<\/p>\n","protected":false},"author":1,"featured_media":0,"comment_status":"closed","ping_status":"closed","sticky":false,"template":"","format":"standard","meta":{"_crdt_document":"","footnotes":""},"categories":[1],"tags":[],"class_list":["post-2720","post","type-post","status-publish","format-standard","hentry","category-diverse"],"_links":{"self":[{"href":"https:\/\/news-fm.ro\/index.php\/wp-json\/wp\/v2\/posts\/2720","targetHints":{"allow":["GET"]}}],"collection":[{"href":"https:\/\/news-fm.ro\/index.php\/wp-json\/wp\/v2\/posts"}],"about":[{"href":"https:\/\/news-fm.ro\/index.php\/wp-json\/wp\/v2\/types\/post"}],"author":[{"embeddable":true,"href":"https:\/\/news-fm.ro\/index.php\/wp-json\/wp\/v2\/users\/1"}],"replies":[{"embeddable":true,"href":"https:\/\/news-fm.ro\/index.php\/wp-json\/wp\/v2\/comments?post=2720"}],"version-history":[{"count":0,"href":"https:\/\/news-fm.ro\/index.php\/wp-json\/wp\/v2\/posts\/2720\/revisions"}],"wp:attachment":[{"href":"https:\/\/news-fm.ro\/index.php\/wp-json\/wp\/v2\/media?parent=2720"}],"wp:term":[{"taxonomy":"category","embeddable":true,"href":"https:\/\/news-fm.ro\/index.php\/wp-json\/wp\/v2\/categories?post=2720"},{"taxonomy":"post_tag","embeddable":true,"href":"https:\/\/news-fm.ro\/index.php\/wp-json\/wp\/v2\/tags?post=2720"}],"curies":[{"name":"wp","href":"https:\/\/api.w.org\/{rel}","templated":true}]}}