{"id":2717,"date":"2020-05-13T04:25:14","date_gmt":"2020-05-13T04:25:14","guid":{"rendered":"http:\/\/news-fm.ro\/?p=2717"},"modified":"2020-05-13T04:25:18","modified_gmt":"2020-05-13T04:25:18","slug":"video-nu-are-legatura-cu-muzica-dar-am-aflat-cand-ar-putea-sa-se-filmeze-episodul-special-din-friends","status":"publish","type":"post","link":"https:\/\/news-fm.ro\/index.php\/2020\/05\/13\/video-nu-are-legatura-cu-muzica-dar-am-aflat-cand-ar-putea-sa-se-filmeze-episodul-special-din-friends\/","title":{"rendered":"(Video) Nu are leg\u0103tur\u0103 cu muzica, dar am aflat c\u00e2nd ar putea s\u0103 se filmeze episodul special din \u201eFriends\u201d"},"content":{"rendered":"\n<figure class=\"wp-block-image size-large\"><img decoding=\"async\" src=\"https:\/\/news-fm.ro\/wp-content\/uploads\/2020\/05\/friends.jpg\" alt=\"\" class=\"wp-image-2718\"\/><\/figure>\n\n\n\n<p class=\"wp-block-paragraph\">Fanii serialului \u201eFriends\u201d s-au g\u00e2ndit ani la r\u00e2ndul c\u00e2nd o s\u0103 \u00ee\u0219i mai vad\u0103 personajele preferate \u00eentr-o nou\u0103 parte a seriei. A durat 16 ani p\u00e2n\u0103 c\u00e2nd imposibilul s\u0103 devin\u0103 realitate. Iar acum, \u00een \u201enoua normalitate\u201d provocat\u0103 de noul coronavirus, se pare c\u0103 fanii trebuie s\u0103 mai a\u0219tepte pu\u021bin.<\/p>\n\n\n\n<p class=\"wp-block-paragraph\">Veste c\u0103 Rachel, Monica, Phoebe, Chandler, Joey \u0219i Ross vor reveni \u00eentr-un episod special pentru HBO Max a venit de nic\u0103ieri, dar ne-a bucurat pe to\u021bi.&nbsp;<\/p>\n\n\n\n<h4 class=\"wp-block-heading\"><strong>C\u00e2nd se va filma episodul special din \u201eFriends\u201d<\/strong><\/h4>\n\n\n\n<p class=\"wp-block-paragraph\">Ini\u021bial, episodul special \u201eFriends\u201d pentru noua platform\u0103 HBO trebuia s\u0103 fie lansat pe 27 mai. Dar a fost am\u00e2nat din cauza crize sanitare de peste Ocean.\u00a0<\/p>\n\n\n\n<figure class=\"wp-block-embed-youtube wp-block-embed is-type-video is-provider-youtube wp-embed-aspect-4-3 wp-has-aspect-ratio\"><div class=\"wp-block-embed__wrapper\">\n<iframe title=\"Friends TV Show Intros All Seasons 1994-2004\" width=\"1140\" height=\"855\" src=\"https:\/\/www.youtube.com\/embed\/67hDG_tzRvE?feature=oembed\" frameborder=\"0\" allow=\"accelerometer; autoplay; clipboard-write; encrypted-media; gyroscope; picture-in-picture; web-share\" allowfullscreen><\/iframe>\n<\/div><\/figure>\n\n\n\n<p class=\"wp-block-paragraph\"><em><strong>\u201eIni\u0163ial, am crezut c\u0103 show-urile vor fi am\u00e2nate o lun\u0103 sau dou\u0103, iar acum pare c\u0103 va dura mult mai mult de at\u00e2t\u201d<\/strong>,<\/em>\u00a0a spus Bob Greenblatt, pre\u0219edintele WarnerMedia Entertainment, pentru Variety.<\/p>\n\n\n\n<p class=\"wp-block-paragraph\"><em>\u201e<strong>Rezist\u0103m ca s\u0103 putem realiza acest program special, sper\u0103m, p\u00e2n\u0103 la finalul verii, dac\u0103 se aliniaz\u0103 planetele \u015fi vom putea relua produc\u0163ia<\/strong>\u201d,<\/em>\u00a0a mai zis el.<\/p>\n\n\n\n<h4 class=\"wp-block-heading\"><strong>O reuniune virtual\u0103?<\/strong><\/h4>\n\n\n\n<p class=\"wp-block-paragraph\">Pe de alt\u0103 parte, se ia \u00een considerare \u0219i o reuniune virtual\u0103 a celor \u0219ase actori \u00een cazul \u00een care m\u0103surile de izolare \u0219i distan\u021bare social\u0103 vor fi men\u021binute pe termen nedeterminat.<\/p>\n\n\n\n<p class=\"wp-block-paragraph\">Jennifer Aniston, Courteney Cox, Lisa Kudrow, Matt LeBlanc, Matthew Perry \u015fi David Schwimmer urmau s\u0103 se reuneasc\u0103 pentru un program special filmat \u00een Stage 24, platoul original al \u201eFriends\u201d de la Warner Bros. Studio din Burbank.<\/p>\n\n\n\n<figure class=\"wp-block-embed-youtube wp-block-embed is-type-video is-provider-youtube wp-embed-aspect-16-9 wp-has-aspect-ratio\"><div class=\"wp-block-embed__wrapper\">\nhttps:\/\/www.youtube.com\/watch?v=xHcPhdZBngw\n<\/div><\/figure>\n\n\n\n<p class=\"wp-block-paragraph\"><a href=\"https:\/\/www.unsitedemuzica.ro\/stiri\/Nu-are-legatura-cu-muzica-dar-am-aflat-cand-ar-putea-sa-se-filmeze-episodul-special-din-Friends-p9965\">UN SITE DE MUZICA<\/a><\/p>\n","protected":false},"excerpt":{"rendered":"<p>Fanii serialului \u201eFriends\u201d s-au g\u00e2ndit ani la r\u00e2ndul c\u00e2nd o s\u0103 \u00ee\u0219i mai vad\u0103 personajele preferate \u00eentr-o nou\u0103 parte a seriei. A durat 16 ani p\u00e2n\u0103 c\u00e2nd imposibilul s\u0103 devin\u0103 realitate. Iar acum, \u00een \u201enoua normalitate\u201d provocat\u0103 de noul coronavirus, se pare c\u0103 fanii trebuie s\u0103 mai a\u0219tepte pu\u021bin. Veste c\u0103 Rachel, Monica, Phoebe, Chandler, [&hellip;]<\/p>\n","protected":false},"author":1,"featured_media":0,"comment_status":"closed","ping_status":"closed","sticky":false,"template":"","format":"standard","meta":{"_crdt_document":"","footnotes":""},"categories":[1],"tags":[],"class_list":["post-2717","post","type-post","status-publish","format-standard","hentry","category-diverse"],"_links":{"self":[{"href":"https:\/\/news-fm.ro\/index.php\/wp-json\/wp\/v2\/posts\/2717","targetHints":{"allow":["GET"]}}],"collection":[{"href":"https:\/\/news-fm.ro\/index.php\/wp-json\/wp\/v2\/posts"}],"about":[{"href":"https:\/\/news-fm.ro\/index.php\/wp-json\/wp\/v2\/types\/post"}],"author":[{"embeddable":true,"href":"https:\/\/news-fm.ro\/index.php\/wp-json\/wp\/v2\/users\/1"}],"replies":[{"embeddable":true,"href":"https:\/\/news-fm.ro\/index.php\/wp-json\/wp\/v2\/comments?post=2717"}],"version-history":[{"count":0,"href":"https:\/\/news-fm.ro\/index.php\/wp-json\/wp\/v2\/posts\/2717\/revisions"}],"wp:attachment":[{"href":"https:\/\/news-fm.ro\/index.php\/wp-json\/wp\/v2\/media?parent=2717"}],"wp:term":[{"taxonomy":"category","embeddable":true,"href":"https:\/\/news-fm.ro\/index.php\/wp-json\/wp\/v2\/categories?post=2717"},{"taxonomy":"post_tag","embeddable":true,"href":"https:\/\/news-fm.ro\/index.php\/wp-json\/wp\/v2\/tags?post=2717"}],"curies":[{"name":"wp","href":"https:\/\/api.w.org\/{rel}","templated":true}]}}