{"id":2700,"date":"2020-05-12T04:26:09","date_gmt":"2020-05-12T04:26:09","guid":{"rendered":"http:\/\/news-fm.ro\/?p=2700"},"modified":"2020-05-12T04:26:19","modified_gmt":"2020-05-12T04:26:19","slug":"delia-anunta-primul-concert-drive-in-din-romania-iata-cand-si-unde-are-loc","status":"publish","type":"post","link":"https:\/\/news-fm.ro\/index.php\/2020\/05\/12\/delia-anunta-primul-concert-drive-in-din-romania-iata-cand-si-unde-are-loc\/","title":{"rendered":"Delia anun\u0163\u0103 primul concert drive-in din Rom\u00e2nia; Iat\u0103 c\u00e2nd \u015fi unde are loc"},"content":{"rendered":"\n<figure class=\"wp-block-image size-large\"><img decoding=\"async\" src=\"https:\/\/news-fm.ro\/wp-content\/uploads\/2020\/05\/DELIA-AFIS.jpg\" alt=\"\" class=\"wp-image-2701\"\/><\/figure>\n\n\n\n<p class=\"wp-block-paragraph\"><strong>Delia<\/strong>\u00a0a anun\u0163at organizarea unui\u00a0<strong>concert &#8220;Cum Era&#8221;<\/strong>\u00a0pe 31 mai la\u00a0<strong>Romexpo<\/strong>\u00a0la ora 20:00. Face parte dintr-un turneu na\u0163ional, care ar putea duce experien\u0163a\u00a0<strong>concertelor Drive In<\/strong>\u00a0\u015fi \u00een alte ora\u015fe. Deja am v\u0103zut astfel de evenimente organizate \u015fi \u00een alte \u0163\u0103ri afectate de pandemie. Puse \u00een v\u00e2nzare pe 11 mai, biletele vor fi valabile per ma\u0219in\u0103, iar\u00a0<strong>\u00een fiecare autoturism vor fi permise maxim 3 persoane<\/strong>. Sunt disponibile trei categorii de bilete, cu pre\u021buri pornind de a 290 de lei.\u00a0<\/p>\n\n\n\n<p class=\"wp-block-paragraph\">Concertul va fi live, pe scen\u0103, ca orice eveniment. Sunetul se va auzi pe sistemul audio din ma\u0219ina personal\u0103 via radio FM. Organizatorii vor asigura o vizibilitate c\u00e2t mai bun\u0103 prin prezen\u021ba ecranelor video at\u00e2t la scen\u0103, c\u00e2t \u0219i \u00een zona \u00een care vor sta\u021biona ma\u0219inile.<\/p>\n\n\n\n<p class=\"wp-block-paragraph\">Spectacolul este creat \u0219i pus \u00een scen\u0103 de Delia Event, echipa care a realizat pana acum toate produc\u021biile mari ale artistei de p\u00e2n\u0103 acum: Deliria, Psihedelia, Acadelia sau Delia\u2019s Winter Wonderland.<\/p>\n\n\n\n<p class=\"wp-block-paragraph\">Nimeni nu a mai organizat p\u00e2n\u0103 acum concerte drive-in \u00een \u0163ara noastr\u0103, deci va fi ceva deosebit \u015fi nou. Romexpo prezint\u0103 un spa\u0163iu mare de desf\u0103\u015furare, iar fanii vor putea veni \u00een ma\u015fin\u0103 \u015fi r\u0103m\u00e2ne \u00een automobil pe durata concertului. Astfel vor respecta distan\u0163area social\u0103 recomandat\u0103 de autorit\u0103\u0163i. R\u0103m\u00e2ne de v\u0103zut ce num\u0103r maxim de persoane va fi admis \u015fi dac\u0103 e cazul de limit\u0103ri de gen.<\/p>\n\n\n\n<p class=\"wp-block-paragraph\">&#8220;Cum era&#8221;\u00a0este de altfel \u015fi numele celei mai noi piese a artistei, lansat\u0103 \u00een aprilie \u00een colaborare cu Nane. Este un track nostalgic dar dansabil, cu elemente de trap.\u00a0Delia ne-a oferit luna trecut\u0103 \u015fi un video filmat live pentru piesa\u00a0&#8220;Ce are ea&#8221;\u00a0\u00een cadrul concertului din 2017 &#8220;PsiheDelia&#8221;.\u00a0Muziciana, care este \u015fi jurat iUmor va participa la episodul urm\u0103tor al emisiunii de pe Antena 1 prin apel video pe Zoom, respect\u00e2nd normele puse \u00een vigoare de autorit\u0103\u0163i, care au pus pe standby film\u0103rile noi la emisiune. Anul a \u00eenceput \u00een for\u0163\u0103 pentru Delia, care a lansat o pies\u0103 rock plin\u0103 de zv\u00e2c,\u00a0&#8220;Arunc\u0103-m\u0103&#8221;\u00a0\u00een ianuarie. Anul trecut am putut asculta hituri ale sale precum &#8220;Vreau la \u0163ar\u0103&#8221;, dar \u015fi colaborarea cu The Motans (&#8220;R\u0103m\u00e2i&#8221;) \u015fi &#8220;S\u0103-mi C\u00e2n\u0163i&#8221;.<\/p>\n\n\n\n<p class=\"wp-block-paragraph\">Dac\u0103 evenimentul de la Romexpo iese bine, atunci a\u015ftepta\u0163i-v\u0103 s\u0103 mai vede\u0163i show-uri de gen \u00een \u0163ara noastr\u0103 \u00een viitorul apropiat. Cinematografele drive in au fost la mod\u0103 la un moment dat, dar concertele de acest tip reprezint\u0103 o raritate \u015fi o noutate. \u00cen Danemarca \u015fi Cehia au \u00eenceput deja s\u0103 aib\u0103 loc festivaluri de genul. \u00cen ora\u015fele Aarhus \u015fi Praga s-au desf\u0103\u015furat concerte \u015fi un festival cultural la care publicul nu p\u0103r\u0103sea ma\u015fina.<\/p>\n\n\n\n<p class=\"wp-block-paragraph\"><a href=\"https:\/\/www.infomusic.ro\/2020\/05\/delia-anunta-primul-concert-drive-in-din-romania-iata-cand-si-unde-are-loc\/\">INFO MUSIC<\/a><\/p>\n","protected":false},"excerpt":{"rendered":"<p>Delia\u00a0a anun\u0163at organizarea unui\u00a0concert &#8220;Cum Era&#8221;\u00a0pe 31 mai la\u00a0Romexpo\u00a0la ora 20:00. Face parte dintr-un turneu na\u0163ional, care ar putea duce experien\u0163a\u00a0concertelor Drive In\u00a0\u015fi \u00een alte ora\u015fe. Deja am v\u0103zut astfel de evenimente organizate \u015fi \u00een alte \u0163\u0103ri afectate de pandemie. Puse \u00een v\u00e2nzare pe 11 mai, biletele vor fi valabile per ma\u0219in\u0103, iar\u00a0\u00een fiecare autoturism [&hellip;]<\/p>\n","protected":false},"author":1,"featured_media":0,"comment_status":"closed","ping_status":"closed","sticky":false,"template":"","format":"standard","meta":{"_crdt_document":"","footnotes":""},"categories":[3],"tags":[],"class_list":["post-2700","post","type-post","status-publish","format-standard","hentry","category-stars"],"_links":{"self":[{"href":"https:\/\/news-fm.ro\/index.php\/wp-json\/wp\/v2\/posts\/2700","targetHints":{"allow":["GET"]}}],"collection":[{"href":"https:\/\/news-fm.ro\/index.php\/wp-json\/wp\/v2\/posts"}],"about":[{"href":"https:\/\/news-fm.ro\/index.php\/wp-json\/wp\/v2\/types\/post"}],"author":[{"embeddable":true,"href":"https:\/\/news-fm.ro\/index.php\/wp-json\/wp\/v2\/users\/1"}],"replies":[{"embeddable":true,"href":"https:\/\/news-fm.ro\/index.php\/wp-json\/wp\/v2\/comments?post=2700"}],"version-history":[{"count":0,"href":"https:\/\/news-fm.ro\/index.php\/wp-json\/wp\/v2\/posts\/2700\/revisions"}],"wp:attachment":[{"href":"https:\/\/news-fm.ro\/index.php\/wp-json\/wp\/v2\/media?parent=2700"}],"wp:term":[{"taxonomy":"category","embeddable":true,"href":"https:\/\/news-fm.ro\/index.php\/wp-json\/wp\/v2\/categories?post=2700"},{"taxonomy":"post_tag","embeddable":true,"href":"https:\/\/news-fm.ro\/index.php\/wp-json\/wp\/v2\/tags?post=2700"}],"curies":[{"name":"wp","href":"https:\/\/api.w.org\/{rel}","templated":true}]}}