{"id":2692,"date":"2020-05-12T04:19:00","date_gmt":"2020-05-12T04:19:00","guid":{"rendered":"http:\/\/news-fm.ro\/?p=2692"},"modified":"2020-05-12T04:19:08","modified_gmt":"2020-05-12T04:19:08","slug":"video-corina-bud-revine-ca-artist-independent-si-lanseaza-superstar","status":"publish","type":"post","link":"https:\/\/news-fm.ro\/index.php\/2020\/05\/12\/video-corina-bud-revine-ca-artist-independent-si-lanseaza-superstar\/","title":{"rendered":"VIDEO: Corina Bud revine ca artist independent \u015fi lanseaz\u0103 \u201eSUPERSTAR\u201d"},"content":{"rendered":"\n<figure class=\"wp-block-image size-large\"><img decoding=\"async\" src=\"https:\/\/news-fm.ro\/wp-content\/uploads\/2020\/05\/corina-bud.jpg\" alt=\"\" class=\"wp-image-2693\"\/><\/figure>\n\n\n\n<p class=\"wp-block-paragraph\">Dup\u0103 o scurt\u0103 pauz\u0103 din lumina reflectoarelor, Corina Bud lanseaz\u0103 primul ei single, \u201eSUPERSTAR\u201d, prin propria casa de discuri, \u00een colaborare cu artista \u0219i executivul Geneva (sau JJ).<\/p>\n\n\n\n<p class=\"wp-block-paragraph\">Artistele deja au o istorie \u00eempreun\u0103, c\u0103ci au lucrat la hit-ul interna\u021bional \u201eNo Sleepin\u201d, \u00eens\u0103 de data asta colaborarea lor este una diferit\u0103.<\/p>\n\n\n\n<p class=\"wp-block-paragraph\">Piesa cuprinde un stil nou pentru Corina (Trap\/Pop) \u0219i este interpretat \u00een modul clasic care deja o caracterizeaz\u0103 pe artist\u0103:\u00a0<em>\u201eLoial\u0103, letal\u0103 sweet &amp; hot\u201d<\/em>.\u00a0<\/p>\n\n\n\n<h4 class=\"wp-block-heading\"><strong>Melodia e inspirat\u0103 de&nbsp;\u201el\u2019amour\u201d pe care Corina o tr\u0103ie\u0219te intens&nbsp;<\/strong><\/h4>\n\n\n\n<p class=\"wp-block-paragraph\">Melodia este inspirat\u0103 dintr-o poveste de \u201el\u2019amour\u201d pe care Corina o tr\u0103ie\u0219te intens juc\u00e2ndu-se \u00eentre melodii mu\u0219cate \u0219i u\u0219or r\u0103zbun\u0103toare &#8211;&nbsp;<em>\u201e\u021ai-a\u0219 zice te ur\u0103sc dar mi-ai sim\u021bi iubirea din glas\u201d&nbsp;<\/em><\/p>\n\n\n\n<p class=\"wp-block-paragraph\">Este ocazia perfect\u0103 pentru stilul ei cameleonic s\u0103 ias\u0103 din nou la iveal\u0103 prin atmosfera ambivalent\u0103 dintre melodie \u0219i videoclip.\u00a0<\/p>\n\n\n\n<h4 class=\"wp-block-heading\"><strong>Clip filmat \u00eentr-un bar de ghea\u021b\u0103, la -20 de grade Celsius<\/strong><\/h4>\n\n\n\n<p class=\"wp-block-paragraph\">Videoclipul regizat de R\u00e9my Bour\u00e7ois \u0219i filmat de Sebastien Tr\u00e2n are loc la Paris, la Hotel Kube, \u00eentr-un bar de ghea\u021b\u0103, la -20 de grade Celsius.<\/p>\n\n\n\n<figure class=\"wp-block-embed-youtube wp-block-embed is-type-video is-provider-youtube wp-embed-aspect-16-9 wp-has-aspect-ratio\"><div class=\"wp-block-embed__wrapper\">\n<iframe title=\"CORINA X GENEVA - SUPERSTAR (Official Video)\" width=\"1140\" height=\"641\" src=\"https:\/\/www.youtube.com\/embed\/kAMv-WmN90A?feature=oembed\" frameborder=\"0\" allow=\"accelerometer; autoplay; clipboard-write; encrypted-media; gyroscope; picture-in-picture; web-share\" allowfullscreen><\/iframe>\n<\/div><\/figure>\n\n\n\n<p class=\"wp-block-paragraph\"><a href=\"https:\/\/www.unsitedemuzica.ro\/stiri\/Corina-Bud-revine-ca-artist-independent-si-lanseaza-SUPERSTAR-Piesa-asta-s-a-nascut-dintr-o-poveste-personala-p9952\">UN SITE DE MUZICA<\/a><\/p>\n","protected":false},"excerpt":{"rendered":"<p>Dup\u0103 o scurt\u0103 pauz\u0103 din lumina reflectoarelor, Corina Bud lanseaz\u0103 primul ei single, \u201eSUPERSTAR\u201d, prin propria casa de discuri, \u00een colaborare cu artista \u0219i executivul Geneva (sau JJ). Artistele deja au o istorie \u00eempreun\u0103, c\u0103ci au lucrat la hit-ul interna\u021bional \u201eNo Sleepin\u201d, \u00eens\u0103 de data asta colaborarea lor este una diferit\u0103. Piesa cuprinde un stil [&hellip;]<\/p>\n","protected":false},"author":1,"featured_media":0,"comment_status":"closed","ping_status":"closed","sticky":false,"template":"","format":"standard","meta":{"_crdt_document":"","footnotes":""},"categories":[4,3],"tags":[],"class_list":["post-2692","post","type-post","status-publish","format-standard","hentry","category-noutati","category-stars"],"_links":{"self":[{"href":"https:\/\/news-fm.ro\/index.php\/wp-json\/wp\/v2\/posts\/2692","targetHints":{"allow":["GET"]}}],"collection":[{"href":"https:\/\/news-fm.ro\/index.php\/wp-json\/wp\/v2\/posts"}],"about":[{"href":"https:\/\/news-fm.ro\/index.php\/wp-json\/wp\/v2\/types\/post"}],"author":[{"embeddable":true,"href":"https:\/\/news-fm.ro\/index.php\/wp-json\/wp\/v2\/users\/1"}],"replies":[{"embeddable":true,"href":"https:\/\/news-fm.ro\/index.php\/wp-json\/wp\/v2\/comments?post=2692"}],"version-history":[{"count":0,"href":"https:\/\/news-fm.ro\/index.php\/wp-json\/wp\/v2\/posts\/2692\/revisions"}],"wp:attachment":[{"href":"https:\/\/news-fm.ro\/index.php\/wp-json\/wp\/v2\/media?parent=2692"}],"wp:term":[{"taxonomy":"category","embeddable":true,"href":"https:\/\/news-fm.ro\/index.php\/wp-json\/wp\/v2\/categories?post=2692"},{"taxonomy":"post_tag","embeddable":true,"href":"https:\/\/news-fm.ro\/index.php\/wp-json\/wp\/v2\/tags?post=2692"}],"curies":[{"name":"wp","href":"https:\/\/api.w.org\/{rel}","templated":true}]}}