{"id":2688,"date":"2020-05-11T04:35:50","date_gmt":"2020-05-11T04:35:50","guid":{"rendered":"http:\/\/news-fm.ro\/?p=2688"},"modified":"2020-05-11T04:35:54","modified_gmt":"2020-05-11T04:35:54","slug":"video-ariana-grande-si-justin-bieber-au-scos-o-piesa-impreuna-asa-am-aflat-cine-este-iubitul-artistei","status":"publish","type":"post","link":"https:\/\/news-fm.ro\/index.php\/2020\/05\/11\/video-ariana-grande-si-justin-bieber-au-scos-o-piesa-impreuna-asa-am-aflat-cine-este-iubitul-artistei\/","title":{"rendered":"VIDEO: Ariana Grande \u015fi Justin Bieber au scos o pies\u0103 \u00eempreun\u0103 &#8211; a\u015fa am aflat cine este iubitul artistei"},"content":{"rendered":"\n<figure class=\"wp-block-image size-large\"><img decoding=\"async\" src=\"https:\/\/news-fm.ro\/wp-content\/uploads\/2020\/05\/Justin-Bieber-Ariana-Grande-Getty-AP-800x450-1.jpg\" alt=\"\" class=\"wp-image-2613\"\/><\/figure>\n\n\n\n<p class=\"wp-block-paragraph\">Ariana Grande \u0219i Justin Bieber \u0219i-au unit for\u021bele pentru o cauz\u0103 nobil\u0103 &#8211; au scos o pies\u0103 \u00eempreun\u0103, iar toate c\u00e2\u0219tigurile vor fi donate pentru a sus\u021bine lupta \u00eempotriva COVID-19.<\/p>\n\n\n\n<p class=\"wp-block-paragraph\">Mai exact, banii vor ajunge \u00een ajutorul copiilor celor care lucreaz\u0103 \u00een prima linie \u00een timpul pandemiei.<\/p>\n\n\n\n<p class=\"wp-block-paragraph\">Cei doi au lansat videoclipul la&nbsp;<strong>piesa \u201eStuck With U\u201d<\/strong>.<\/p>\n\n\n\n<blockquote class=\"wp-block-quote is-layout-flow wp-block-quote-is-layout-flow\"><p><strong>Vrem s\u0103 ne ar\u0103t\u0103m recuno\u0219tin\u021ba b\u0103rba\u021bilor \u0219i femeilor din prima linie care muncesc ne\u00eentrerupt pentru a ne men\u021bine s\u0103n\u0103tatea \u0219i siguran\u021ba \u00een timpul acestei crize. Ei sunt eroii de zi cu zi \u0219i acum mai mult ca niciodat\u0103, ei \u00eempreun\u0103 cu familiile lor, merit\u0103 ajutorul nostru<\/strong>, <\/p><cite>a spus Scooter Braun, managerul celor doi arti\u0219ti.<\/cite><\/blockquote>\n\n\n\n<p class=\"wp-block-paragraph\">Ariana a m\u0103rturisit c\u0103 este extrem de \u00eenc\u00e2ntat\u0103 de acest proiect, din mai multe motive.<\/p>\n\n\n\n<blockquote class=\"wp-block-quote is-layout-flow wp-block-quote-is-layout-flow\"><p><strong>Sper\u0103m s\u0103 facem o mare diferen\u021b\u0103 cu aceast\u0103 pies\u0103 \u0219i sper\u0103m s\u0103 v\u0103 fac\u0103 mai veseli \u0219i s\u0103 v\u0103 plac\u0103 la fel de mult cum ne place nou\u0103. Ne-am sim\u021bit foarte bine c\u00e2t am lucrat la melodia asta \u0219i abia a\u0219tept\u0103m s\u0103 v\u0103 bucura\u021bi de ea.<\/strong><\/p><\/blockquote>\n\n\n\n<p class=\"wp-block-paragraph\">Ariana \u0219i Justin \u0219i-au \u00eencurajat fanii s\u0103 le trimit\u0103 video-uri cu ei dans\u00e2nd &#8211; dup\u0103 cum vei vedea, ei apar \u00een clipul de mai jos.<\/p>\n\n\n\n<p class=\"wp-block-paragraph\">O alt\u0103 parte inedit\u0103 este c\u0103 Grande, cu ocazia video-ului, a dezv\u0103luit cine este iubitul ei &#8211; este vorba despre agentul imobiliar Dalton Gomez, al\u0103turi de care artista apare dans\u00e2nd \u00een clip.<\/p>\n\n\n\n<figure class=\"wp-block-embed-youtube wp-block-embed is-type-video is-provider-youtube wp-embed-aspect-16-9 wp-has-aspect-ratio\"><div class=\"wp-block-embed__wrapper\">\n<iframe title=\"Ariana Grande &amp; Justin Bieber - Stuck with U\" width=\"1140\" height=\"641\" src=\"https:\/\/www.youtube.com\/embed\/pE49WK-oNjU?feature=oembed\" frameborder=\"0\" allow=\"accelerometer; autoplay; clipboard-write; encrypted-media; gyroscope; picture-in-picture; web-share\" allowfullscreen><\/iframe>\n<\/div><\/figure>\n\n\n\n<p class=\"wp-block-paragraph\"><a href=\"https:\/\/www.unsitedemuzica.ro\/stiri\/VIDEO-Ariana-Grande-si-Justin-Bieber-au-scos-o-piesa-impreuna-asa-am-aflat-cine-este-iubitul-artistei-p9941\">UN SITE DE MUZICA<\/a><\/p>\n","protected":false},"excerpt":{"rendered":"<p>Ariana Grande \u0219i Justin Bieber \u0219i-au unit for\u021bele pentru o cauz\u0103 nobil\u0103 &#8211; au scos o pies\u0103 \u00eempreun\u0103, iar toate c\u00e2\u0219tigurile vor fi donate pentru a sus\u021bine lupta \u00eempotriva COVID-19. Mai exact, banii vor ajunge \u00een ajutorul copiilor celor care lucreaz\u0103 \u00een prima linie \u00een timpul pandemiei. Cei doi au lansat videoclipul la&nbsp;piesa \u201eStuck With [&hellip;]<\/p>\n","protected":false},"author":1,"featured_media":0,"comment_status":"closed","ping_status":"closed","sticky":false,"template":"","format":"standard","meta":{"_crdt_document":"","footnotes":""},"categories":[4,3],"tags":[],"class_list":["post-2688","post","type-post","status-publish","format-standard","hentry","category-noutati","category-stars"],"_links":{"self":[{"href":"https:\/\/news-fm.ro\/index.php\/wp-json\/wp\/v2\/posts\/2688","targetHints":{"allow":["GET"]}}],"collection":[{"href":"https:\/\/news-fm.ro\/index.php\/wp-json\/wp\/v2\/posts"}],"about":[{"href":"https:\/\/news-fm.ro\/index.php\/wp-json\/wp\/v2\/types\/post"}],"author":[{"embeddable":true,"href":"https:\/\/news-fm.ro\/index.php\/wp-json\/wp\/v2\/users\/1"}],"replies":[{"embeddable":true,"href":"https:\/\/news-fm.ro\/index.php\/wp-json\/wp\/v2\/comments?post=2688"}],"version-history":[{"count":0,"href":"https:\/\/news-fm.ro\/index.php\/wp-json\/wp\/v2\/posts\/2688\/revisions"}],"wp:attachment":[{"href":"https:\/\/news-fm.ro\/index.php\/wp-json\/wp\/v2\/media?parent=2688"}],"wp:term":[{"taxonomy":"category","embeddable":true,"href":"https:\/\/news-fm.ro\/index.php\/wp-json\/wp\/v2\/categories?post=2688"},{"taxonomy":"post_tag","embeddable":true,"href":"https:\/\/news-fm.ro\/index.php\/wp-json\/wp\/v2\/tags?post=2688"}],"curies":[{"name":"wp","href":"https:\/\/api.w.org\/{rel}","templated":true}]}}