{"id":2674,"date":"2020-05-08T04:33:50","date_gmt":"2020-05-08T04:33:50","guid":{"rendered":"http:\/\/news-fm.ro\/?p=2674"},"modified":"2020-05-08T04:33:52","modified_gmt":"2020-05-08T04:33:52","slug":"madonna-confirma-in-sfarsit-toate-zvonurile-am-avut-coronavirus","status":"publish","type":"post","link":"https:\/\/news-fm.ro\/index.php\/2020\/05\/08\/madonna-confirma-in-sfarsit-toate-zvonurile-am-avut-coronavirus\/","title":{"rendered":"Madonna confirm\u0103, \u00een sf\u00e2r\u015fit, toate zvonurile: \u201eAm avut coronavirus\u201d"},"content":{"rendered":"\n<figure class=\"wp-block-image size-large\"><img decoding=\"async\" src=\"https:\/\/news-fm.ro\/wp-content\/uploads\/2019\/04\/madonna-bb-wim-2016-dec-ap-billboard-u-1548-1024x677.jpg\" alt=\"\" class=\"wp-image-1376\"\/><\/figure>\n\n\n\n<p class=\"wp-block-paragraph\">\u00cen aceast\u0103 carantin\u0103, Madonna s-a apucat s\u0103 \u021bin\u0103 un jurnal filmat, iar \u00een ultimul video postat de ea pe Instagram, artista ne povestea cum are anti-corpi \u00eempotriva Covid-19 \u0219i cum abia a\u0219teapt\u0103 s\u0103 ias\u0103 afar\u0103 \u0219i s\u0103 respire aerul ora\u0219ului.<\/p>\n\n\n\n<p class=\"wp-block-paragraph\">Acum, vedeta s-a g\u00e2ndit s\u0103 elimine zvonurile ap\u0103rute \u00een urma celor spuse de ea \u00een online, a\u0219a c\u0103 a clarificat treburile.<\/p>\n\n\n\n<p class=\"wp-block-paragraph\">Madonna a confirmat c\u0103 a fost bolnav\u0103 de coronavirus \u00een martie \u0219i, cel mai probabil, a luat virusul \u00een Paris, atunci c\u00e2nd \u00ee\u0219i promova albumul \u201eMadame X.\u201d<\/p>\n\n\n\n<p class=\"wp-block-paragraph\">La acea vreme, c\u00e2nt\u0103rea\u021ba a crezut c\u0103 sufer\u0103 de o \u201egrip\u0103 foarte grav\u0103\u201d, dar, din fericire, s-a vindecat, iar acum este s\u0103n\u0103toas\u0103.<\/p>\n\n\n\n<blockquote class=\"wp-block-quote is-layout-flow wp-block-quote-is-layout-flow\"><p><strong>\u00cen prezent, nu sunt bolnav\u0103. C\u00e2nd rezultatul testului pentru anticorpi la Covid-19 este pozitiv, \u00eenseamn\u0103 c\u0103 ai avut virusul. Ceea ce s-a \u00eent\u00e2mplat, pentru c\u0103 am fost bolnav\u0103 \u00een Paris, la finalul turneului meu, acum mai bine de \u015fapte s\u0103pt\u0103m\u00e2ni, \u00eempreun\u0103 cu mai mul\u0163i arti\u015fti din show-ul meu. La acel moment, to\u0163i am crezut c\u0103 este o grip\u0103 foarte grav\u0103. Mul\u0163umesc lui Dumnezeu c\u0103 suntem to\u0163i s\u0103n\u0103to\u015fi \u015fi bine acum.<\/strong><\/p><\/blockquote>\n\n\n\n<p class=\"wp-block-paragraph\">Artista continu\u0103 s\u0103-i ajute pe cei care lupt\u0103 \u00eempotriva acestei pandemii, motiv pentru care a donat 1 milion de dolari care s\u0103 ajute la descoperirea unui tratament pentru Covid-19.<\/p>\n\n\n\n<p class=\"wp-block-paragraph\"><a href=\"https:\/\/www.unsitedemuzica.ro\/stiri\/Madonna-confirma-in-sfarsit-toate-zvonurile-Am-avut-coronavirus-p9930\">UN SITE DE MUZICA<\/a><\/p>\n","protected":false},"excerpt":{"rendered":"<p>\u00cen aceast\u0103 carantin\u0103, Madonna s-a apucat s\u0103 \u021bin\u0103 un jurnal filmat, iar \u00een ultimul video postat de ea pe Instagram, artista ne povestea cum are anti-corpi \u00eempotriva Covid-19 \u0219i cum abia a\u0219teapt\u0103 s\u0103 ias\u0103 afar\u0103 \u0219i s\u0103 respire aerul ora\u0219ului. Acum, vedeta s-a g\u00e2ndit s\u0103 elimine zvonurile ap\u0103rute \u00een urma celor spuse de ea \u00een [&hellip;]<\/p>\n","protected":false},"author":1,"featured_media":0,"comment_status":"closed","ping_status":"closed","sticky":false,"template":"","format":"standard","meta":{"_crdt_document":"","footnotes":""},"categories":[3],"tags":[],"class_list":["post-2674","post","type-post","status-publish","format-standard","hentry","category-stars"],"_links":{"self":[{"href":"https:\/\/news-fm.ro\/index.php\/wp-json\/wp\/v2\/posts\/2674","targetHints":{"allow":["GET"]}}],"collection":[{"href":"https:\/\/news-fm.ro\/index.php\/wp-json\/wp\/v2\/posts"}],"about":[{"href":"https:\/\/news-fm.ro\/index.php\/wp-json\/wp\/v2\/types\/post"}],"author":[{"embeddable":true,"href":"https:\/\/news-fm.ro\/index.php\/wp-json\/wp\/v2\/users\/1"}],"replies":[{"embeddable":true,"href":"https:\/\/news-fm.ro\/index.php\/wp-json\/wp\/v2\/comments?post=2674"}],"version-history":[{"count":0,"href":"https:\/\/news-fm.ro\/index.php\/wp-json\/wp\/v2\/posts\/2674\/revisions"}],"wp:attachment":[{"href":"https:\/\/news-fm.ro\/index.php\/wp-json\/wp\/v2\/media?parent=2674"}],"wp:term":[{"taxonomy":"category","embeddable":true,"href":"https:\/\/news-fm.ro\/index.php\/wp-json\/wp\/v2\/categories?post=2674"},{"taxonomy":"post_tag","embeddable":true,"href":"https:\/\/news-fm.ro\/index.php\/wp-json\/wp\/v2\/tags?post=2674"}],"curies":[{"name":"wp","href":"https:\/\/api.w.org\/{rel}","templated":true}]}}