{"id":2666,"date":"2020-05-08T04:22:31","date_gmt":"2020-05-08T04:22:31","guid":{"rendered":"http:\/\/news-fm.ro\/?p=2666"},"modified":"2020-05-08T04:22:35","modified_gmt":"2020-05-08T04:22:35","slug":"serios-acum-tu-o-mai-recunosti-pe-adele","status":"publish","type":"post","link":"https:\/\/news-fm.ro\/index.php\/2020\/05\/08\/serios-acum-tu-o-mai-recunosti-pe-adele\/","title":{"rendered":"Serios acum, tu o mai recuno\u015fti pe Adele?"},"content":{"rendered":"\n<figure class=\"wp-block-image size-large\"><img decoding=\"async\" src=\"https:\/\/news-fm.ro\/wp-content\/uploads\/2020\/05\/ADELE-1024x773.jpg\" alt=\"\" class=\"wp-image-2667\"\/><\/figure>\n\n\n\n<p class=\"wp-block-paragraph\">Adele abia ce a \u00eemplinit 32 de ani, motiv pentru care s-a g\u00e2ndit s\u0103 le mul\u021bumeasc\u0103 tuturor celor care s-au g\u00e2ndit la ea \u00een aceste \u201evremuri nebune\u201d &#8211; artista a postat o imagine pe Instagram.<\/p>\n\n\n\n<p class=\"wp-block-paragraph\">\u0218tiu c\u0103 am tot vorbit despre cum ea a sl\u0103bit foarte mult, dar parc\u0103 nicio imagine nu ne-a ar\u0103tat at\u00e2t de mult\u0103 piele, cum se \u00eent\u00e2mpl\u0103 \u00een fotografia de mai jos.<\/p>\n\n\n\n<p class=\"wp-block-paragraph\">Adele este complet \u0219i total schimbat\u0103, nu mai ar\u0103t\u0103 absolut deloc a\u0219a cum o \u0219tiam noi \u0219i \u00eenc\u0103 nu-mi dau seama dac\u0103 \u0103sta este un lucru bun sau nu. Cert este c\u0103 sunt subiectiv\u0103, iar dac\u0103 ea e fericit\u0103 cu ea, atunci asta este tot ceea ce conteaz\u0103.<\/p>\n\n\n\n<p class=\"wp-block-paragraph\">Sper s\u0103 auzim \u0219i muzic\u0103 nou\u0103 din partea ei, mai ales c\u0103 nu a mai lansat nimic din 2015, atunci c\u00e2nd a ap\u0103rut albumul \u201e25.\u201d<\/p>\n\n\n\n<p class=\"wp-block-paragraph\">Te las s\u0103 o admiri \u0219i tu pe noua-Adele \u0219i abia a\u0219tept s\u0103-mi spui cum \u021bi se pare c\u0103 o prinde noul look!<\/p>\n\n\n\n<figure class=\"wp-block-embed-instagram wp-block-embed is-type-rich is-provider-instagram\"><div class=\"wp-block-embed__wrapper\">\nhttps:\/\/www.instagram.com\/p\/B_1VGc5AsoZ\/\n<\/div><\/figure>\n\n\n\n<p class=\"wp-block-paragraph\"><a href=\"https:\/\/www.unsitedemuzica.ro\/stiri\/FOTO-Serios-acum-tu-o-mai-recunosti-pe-Adele-p9920\">UN SITE DE MUZICA<\/a><\/p>\n","protected":false},"excerpt":{"rendered":"<p>Adele abia ce a \u00eemplinit 32 de ani, motiv pentru care s-a g\u00e2ndit s\u0103 le mul\u021bumeasc\u0103 tuturor celor care s-au g\u00e2ndit la ea \u00een aceste \u201evremuri nebune\u201d &#8211; artista a postat o imagine pe Instagram. \u0218tiu c\u0103 am tot vorbit despre cum ea a sl\u0103bit foarte mult, dar parc\u0103 nicio imagine nu ne-a ar\u0103tat at\u00e2t [&hellip;]<\/p>\n","protected":false},"author":1,"featured_media":0,"comment_status":"closed","ping_status":"closed","sticky":false,"template":"","format":"standard","meta":{"_crdt_document":"","footnotes":""},"categories":[3],"tags":[],"class_list":["post-2666","post","type-post","status-publish","format-standard","hentry","category-stars"],"_links":{"self":[{"href":"https:\/\/news-fm.ro\/index.php\/wp-json\/wp\/v2\/posts\/2666","targetHints":{"allow":["GET"]}}],"collection":[{"href":"https:\/\/news-fm.ro\/index.php\/wp-json\/wp\/v2\/posts"}],"about":[{"href":"https:\/\/news-fm.ro\/index.php\/wp-json\/wp\/v2\/types\/post"}],"author":[{"embeddable":true,"href":"https:\/\/news-fm.ro\/index.php\/wp-json\/wp\/v2\/users\/1"}],"replies":[{"embeddable":true,"href":"https:\/\/news-fm.ro\/index.php\/wp-json\/wp\/v2\/comments?post=2666"}],"version-history":[{"count":0,"href":"https:\/\/news-fm.ro\/index.php\/wp-json\/wp\/v2\/posts\/2666\/revisions"}],"wp:attachment":[{"href":"https:\/\/news-fm.ro\/index.php\/wp-json\/wp\/v2\/media?parent=2666"}],"wp:term":[{"taxonomy":"category","embeddable":true,"href":"https:\/\/news-fm.ro\/index.php\/wp-json\/wp\/v2\/categories?post=2666"},{"taxonomy":"post_tag","embeddable":true,"href":"https:\/\/news-fm.ro\/index.php\/wp-json\/wp\/v2\/tags?post=2666"}],"curies":[{"name":"wp","href":"https:\/\/api.w.org\/{rel}","templated":true}]}}