{"id":2652,"date":"2020-05-07T04:23:22","date_gmt":"2020-05-07T04:23:22","guid":{"rendered":"http:\/\/news-fm.ro\/?p=2652"},"modified":"2020-05-07T04:23:26","modified_gmt":"2020-05-07T04:23:26","slug":"video-martin-garrix-a-sustinut-un-concert-pe-barca-pe-canalele-din-olanda","status":"publish","type":"post","link":"https:\/\/news-fm.ro\/index.php\/2020\/05\/07\/video-martin-garrix-a-sustinut-un-concert-pe-barca-pe-canalele-din-olanda\/","title":{"rendered":"VIDEO: Martin Garrix a sus\u0163inut un concert pe barc\u0103, pe canalele din Olanda"},"content":{"rendered":"\n<figure class=\"wp-block-image size-large\"><img decoding=\"async\" src=\"https:\/\/news-fm.ro\/wp-content\/uploads\/2020\/05\/MARTIN-GARRIX-1024x596.jpg\" alt=\"\" class=\"wp-image-2653\"\/><\/figure>\n\n\n\n<p class=\"wp-block-paragraph\">\u00cen timp ce \u00een Rom\u00e2nia concertele de la fereastr\u0103 sunt oprite de Poli\u021bia Rom\u00e2n\u0103, pe motiv <em><strong>\u201ec\u0103 nu suntem \u00een Italia\u201d<\/strong><\/em>, \u00een Olanda au loc concerte pe barc\u0103, pe canalele care trec pe l\u00e2ng\u0103 casele oamenilor, f\u0103r\u0103 ca nimeni s\u0103 nu fie deranjat, dimpotriv\u0103.\u00a0<\/p>\n\n\n\n<p class=\"wp-block-paragraph\">Dup\u0103 succesul pe care-l au concertele drive-in \u00een Europa, Martin Garrix s-a g\u00e2ndit s\u0103 \u00eencerce un nou tip de concert pe vreme de pandemie: concertele pe barc\u0103. Ce-i drept, \u00een Olanda au mai avut loc multe astfel de evenimente, dar nu \u0219i \u00een aceast\u0103 pandemie de la COVID-19.\u00a0<\/p>\n\n\n\n<p class=\"wp-block-paragraph\">Evenimentul s\u0103u s-a dovedit un adev\u0103rat succes \u00een online, unde a fost urm\u0103rit de peste 2,2 milioane de oameni. Dar \u0219i \u00een realitate, concertul de muzic\u0103 dance a lui Martin a fost extrem de interesant, barca sa fiind urm\u0103rit\u0103 de alte ambarca\u021biuni \u0219i chiar \u0219i de un ski jet, care spre final a f\u0103cut o demonstra\u021bie spectaculoas\u0103 de flyboard.\u00a0\u00a0<\/p>\n\n\n\n<p class=\"wp-block-paragraph\">\u00cens\u0103, dup\u0103 concertele drive-in, se pare c\u0103 Olanda ar putea organiza astfel de evenimente live, cu public pe b\u0103rci, c\u0103ci nu duce deloc lips\u0103 de ap\u0103 sau ambarca\u021biuni.\u00a0<\/p>\n\n\n\n<figure class=\"wp-block-embed-facebook wp-block-embed is-type-video is-provider-facebook\"><div class=\"wp-block-embed__wrapper\">\nhttps:\/\/www.facebook.com\/martin.garrix\/videos\/230894908174470\/?v=230894908174470\n<\/div><\/figure>\n\n\n\n<p class=\"wp-block-paragraph\"><a href=\"https:\/\/www.unsitedemuzica.ro\/stiri\/Martin-Garrix-a-sustinut-un-concert-pe-barca-pe-canalele-din-Olanda-p9915\">UN SITE DE MUZICA<\/a><\/p>\n","protected":false},"excerpt":{"rendered":"<p>\u00cen timp ce \u00een Rom\u00e2nia concertele de la fereastr\u0103 sunt oprite de Poli\u021bia Rom\u00e2n\u0103, pe motiv \u201ec\u0103 nu suntem \u00een Italia\u201d, \u00een Olanda au loc concerte pe barc\u0103, pe canalele care trec pe l\u00e2ng\u0103 casele oamenilor, f\u0103r\u0103 ca nimeni s\u0103 nu fie deranjat, dimpotriv\u0103.\u00a0 Dup\u0103 succesul pe care-l au concertele drive-in \u00een Europa, Martin Garrix [&hellip;]<\/p>\n","protected":false},"author":1,"featured_media":0,"comment_status":"closed","ping_status":"closed","sticky":false,"template":"","format":"standard","meta":{"_crdt_document":"","footnotes":""},"categories":[3],"tags":[],"class_list":["post-2652","post","type-post","status-publish","format-standard","hentry","category-stars"],"_links":{"self":[{"href":"https:\/\/news-fm.ro\/index.php\/wp-json\/wp\/v2\/posts\/2652","targetHints":{"allow":["GET"]}}],"collection":[{"href":"https:\/\/news-fm.ro\/index.php\/wp-json\/wp\/v2\/posts"}],"about":[{"href":"https:\/\/news-fm.ro\/index.php\/wp-json\/wp\/v2\/types\/post"}],"author":[{"embeddable":true,"href":"https:\/\/news-fm.ro\/index.php\/wp-json\/wp\/v2\/users\/1"}],"replies":[{"embeddable":true,"href":"https:\/\/news-fm.ro\/index.php\/wp-json\/wp\/v2\/comments?post=2652"}],"version-history":[{"count":0,"href":"https:\/\/news-fm.ro\/index.php\/wp-json\/wp\/v2\/posts\/2652\/revisions"}],"wp:attachment":[{"href":"https:\/\/news-fm.ro\/index.php\/wp-json\/wp\/v2\/media?parent=2652"}],"wp:term":[{"taxonomy":"category","embeddable":true,"href":"https:\/\/news-fm.ro\/index.php\/wp-json\/wp\/v2\/categories?post=2652"},{"taxonomy":"post_tag","embeddable":true,"href":"https:\/\/news-fm.ro\/index.php\/wp-json\/wp\/v2\/tags?post=2652"}],"curies":[{"name":"wp","href":"https:\/\/api.w.org\/{rel}","templated":true}]}}