{"id":2649,"date":"2020-05-07T04:19:33","date_gmt":"2020-05-07T04:19:33","guid":{"rendered":"http:\/\/news-fm.ro\/?p=2649"},"modified":"2020-05-07T04:53:04","modified_gmt":"2020-05-07T04:53:04","slug":"video-nu-suntem-in-italia-sa-fim-seriosi-dati-mai-incet-concert-de-muzica-clasica-de-la-fereastra-oprit-de-politia-romana","status":"publish","type":"post","link":"https:\/\/news-fm.ro\/index.php\/2020\/05\/07\/video-nu-suntem-in-italia-sa-fim-seriosi-dati-mai-incet-concert-de-muzica-clasica-de-la-fereastra-oprit-de-politia-romana\/","title":{"rendered":"VIDEO: \u201eNu suntem \u00een Italia, s\u0103 fim serio\u015fi! Da\u0163i mai \u00eencet!\u201d &#8211; Concert de muzic\u0103 clasic\u0103 de la fereastr\u0103, oprit de Poli\u0163ia Rom\u00e2n\u0103"},"content":{"rendered":"\n<figure class=\"wp-block-image size-large\"><img decoding=\"async\" src=\"https:\/\/news-fm.ro\/wp-content\/uploads\/2020\/05\/im_cf0a25bf0723ceb480dcf4052e2ce194-1024x570.jpg\" alt=\"\" class=\"wp-image-2650\"\/><\/figure>\n\n\n\n<p class=\"wp-block-paragraph\">De o lun\u0103 \u0219i jum\u0103tate,&nbsp;pentru a face izolarea celor din cartierul Armenesc mai frumoas\u0103, Asocia\u0163ia ARCEN a ini\u0163iat un moment muzical: timp de 20 de minute, \u00een fiecare sear\u0103, pun muzic\u0103 clasic\u0103 de la fereastra sediului.&nbsp;<\/p>\n\n\n\n<p class=\"wp-block-paragraph\">Este o ini\u021biativ\u0103 \u00eendr\u0103git\u0103 de majoritatea celor din zon\u0103, dar nu \u0219i de Poli\u021bia Rom\u00e2n\u0103, care, d\u00e2nd curs unei sesiz\u0103ri, le-au cerut celor de la ARCEN s\u0103 dea muzica mai \u00eencet,<em><strong> \u201ec\u0103 nu suntem \u00een Italia\u201d.&nbsp;<\/strong><\/em><\/p>\n\n\n\n<p class=\"wp-block-paragraph\">Iat\u0103 cum explic\u0103 Poli\u021bia Rom\u00e2n\u0103 \u00eentreaga \u00eent\u00e2mplare:&nbsp;<\/p>\n\n\n\n<blockquote class=\"wp-block-quote is-layout-flow wp-block-quote-is-layout-flow\"><p><strong>\u00cen data de 04.05.2020, prin apel 112, Sec\u021bia 8 Poli\u021bie a fost sesizat\u0103 de c\u0103tre o persoan\u0103, c\u0103 la o fereastr\u0103 se afl\u0103 o box\u0103 \u0219i se difuzeaz\u0103 muzic\u0103 la un volum care deranjeaz\u0103 lini\u0219tea locuitorilor din zon\u0103. La fa\u021ba locului s-a deplasat un echipaj mixt, format din poli\u021bist \u0219i jandarm. A fost identificat\u0103 loca\u021bia de unde se difuza muzica, sediul unei asocia\u021bii. Dup\u0103 ce \u0219i-au declinat calitatea, poli\u021bistul a solicitat ca boxa sa fie retras\u0103 de la fereastr\u0103, iar sonorul sa fie adaptat orei. Nu au fost aplicate sanc\u021biuni, dar s-au f\u0103cut recomand\u0103ri cu privire la respectarea normelor de convie\u021buire social\u0103.<\/strong><\/p><\/blockquote>\n\n\n\n<p class=\"wp-block-paragraph\">Muzica care a deranjat este una c\u00e2t se poate de lini\u0219titoare: Nocturne de Chopin \u015fi Simfonia a II-a de Brahms. Cum se poate vedea \u0219i din filmarea de mai jos, oamenii s-au a\u015fezat pe trotuare, la distan\u0163\u0103, sau au ascultat de la ferestre sau \u00een timp ce plimbau animalele de companie.<\/p>\n\n\n\n<p class=\"wp-block-paragraph\">Reprezentan\u0163ii Poli\u0163iei au intervenit motiv\u00e2nd \u0219i faptul c\u0103 momentul artistic era responsabil pentru adunarea a mai mult de 3 persoane pe strad\u0103, pe l\u00e2ng\u0103 faptul c\u0103 cineva a f\u0103cut o sesizare din cauza zgomotului prea mare. Agentul \u0219i jandarmul au cerut ca muzica s\u0103 fie ascultat\u0103 mai \u00eencet, altfel reprezentan\u021bii ARCEN riscau amend\u0103&nbsp;serioas\u0103, din aia de pandemie.&nbsp;<\/p>\n\n\n\n<blockquote class=\"wp-block-quote is-layout-flow wp-block-quote-is-layout-flow\"><p><strong>Nu suntem \u00een Italia, s\u0103 fim serio\u0219i! Da\u0163i mai \u00eencet! E deranjat\u0103 ordinea \u015fi lini\u015ftea public\u0103!, <\/strong><\/p><cite><strong>au spus organele legii.<\/strong><\/cite><\/blockquote>\n\n\n\n<p class=\"wp-block-paragraph\">\u00cen ciuda celor \u00eent\u00e2mplate, Asocia\u021bia ARCEN a anun\u021bat c\u0103 momentul muzical \u00een cartier va continua \u0219i miercuri, de la ora 20:30. A\u0219a c\u0103 e posibil s\u0103 se prezinte, din nou, \u0219i Poli\u021bia Rom\u00e2n\u0103, pentru a ne reaminti \u00eenc\u0103 o dat\u0103 c\u0103 tr\u0103im \u00een absurda Rom\u00e2nie, nu frumoasa Italie.&nbsp;<\/p>\n\n\n\n<p class=\"wp-block-paragraph\">Chiar a\u0219a, se mai difuzeaz\u0103 imnul Rom\u00e2niei din ma\u0219inile de Poli\u021bie \u00een weekend?\u00a0<\/p>\n\n\n\n<figure><iframe src=\"https:\/\/www.facebook.com\/plugins\/video.php?href=https%3A%2F%2Fwww.facebook.com%2FAsociatiaARCEN%2Fvideos%2F280952089602994%2F&amp;show_text=0&amp;width=560\" width=\"560\" height=\"315\" allowfullscreen=\"true\"><\/iframe><\/figure>\n\n\n\n<p class=\"wp-block-paragraph\"><a href=\"https:\/\/www.unsitedemuzica.ro\/stiri\/VIDEO-Nu-suntem-in-Italia-sa-fim-seriosi-Dati-mai-incet-Concert-de-muzica-clasica-de-la-fereastra-oprit-de-Politia-Romana-p9914\">UN SITE DE MUZICA<\/a><\/p>\n","protected":false},"excerpt":{"rendered":"<p>De o lun\u0103 \u0219i jum\u0103tate,&nbsp;pentru a face izolarea celor din cartierul Armenesc mai frumoas\u0103, Asocia\u0163ia ARCEN a ini\u0163iat un moment muzical: timp de 20 de minute, \u00een fiecare sear\u0103, pun muzic\u0103 clasic\u0103 de la fereastra sediului.&nbsp; Este o ini\u021biativ\u0103 \u00eendr\u0103git\u0103 de majoritatea celor din zon\u0103, dar nu \u0219i de Poli\u021bia Rom\u00e2n\u0103, care, d\u00e2nd curs unei [&hellip;]<\/p>\n","protected":false},"author":1,"featured_media":0,"comment_status":"closed","ping_status":"closed","sticky":false,"template":"","format":"standard","meta":{"_crdt_document":"","footnotes":""},"categories":[1],"tags":[],"class_list":["post-2649","post","type-post","status-publish","format-standard","hentry","category-diverse"],"_links":{"self":[{"href":"https:\/\/news-fm.ro\/index.php\/wp-json\/wp\/v2\/posts\/2649","targetHints":{"allow":["GET"]}}],"collection":[{"href":"https:\/\/news-fm.ro\/index.php\/wp-json\/wp\/v2\/posts"}],"about":[{"href":"https:\/\/news-fm.ro\/index.php\/wp-json\/wp\/v2\/types\/post"}],"author":[{"embeddable":true,"href":"https:\/\/news-fm.ro\/index.php\/wp-json\/wp\/v2\/users\/1"}],"replies":[{"embeddable":true,"href":"https:\/\/news-fm.ro\/index.php\/wp-json\/wp\/v2\/comments?post=2649"}],"version-history":[{"count":0,"href":"https:\/\/news-fm.ro\/index.php\/wp-json\/wp\/v2\/posts\/2649\/revisions"}],"wp:attachment":[{"href":"https:\/\/news-fm.ro\/index.php\/wp-json\/wp\/v2\/media?parent=2649"}],"wp:term":[{"taxonomy":"category","embeddable":true,"href":"https:\/\/news-fm.ro\/index.php\/wp-json\/wp\/v2\/categories?post=2649"},{"taxonomy":"post_tag","embeddable":true,"href":"https:\/\/news-fm.ro\/index.php\/wp-json\/wp\/v2\/tags?post=2649"}],"curies":[{"name":"wp","href":"https:\/\/api.w.org\/{rel}","templated":true}]}}