{"id":2637,"date":"2020-05-06T04:11:07","date_gmt":"2020-05-06T04:11:07","guid":{"rendered":"http:\/\/news-fm.ro\/?p=2637"},"modified":"2020-05-06T04:11:10","modified_gmt":"2020-05-06T04:11:10","slug":"andra-este-artistul-roman-preferat-al-copiilor-la-kids-choice-awards","status":"publish","type":"post","link":"https:\/\/news-fm.ro\/index.php\/2020\/05\/06\/andra-este-artistul-roman-preferat-al-copiilor-la-kids-choice-awards\/","title":{"rendered":"Andra este artistul rom\u00e2n preferat al copiilor la Kids&#8217; Choice Awards"},"content":{"rendered":"\n<figure class=\"wp-block-image size-large\"><img decoding=\"async\" src=\"https:\/\/news-fm.ro\/wp-content\/uploads\/2020\/05\/ANDRA-1024x1024.jpg\" alt=\"\" class=\"wp-image-2638\"\/><\/figure>\n\n\n\n<p class=\"wp-block-paragraph\">Andra este c\u00e2\u0219tig\u0103toarea categoriei \u201eCel mai iubit star din Rom\u00e2nia&#8221;, \u00een cadrul galei NICKELODEON&#8217;s Kids&#8217; Choice Awards 2020:Celebrate Together, un spectacol virtual care a avut loc pe 2 mai<u>.<\/u><\/p>\n\n\n\n<h4 class=\"wp-block-heading\"><strong>Ga\u0219ca Zurli, Alina Eremia \u0219i Irina Rimes, printre concuren\u021bi<\/strong><\/h4>\n\n\n\n<p class=\"wp-block-paragraph\">Pentru prima dat\u0103, arti\u0219ti din Rom\u00e2nia au fost nominaliza\u021bi la faimoasa gal\u0103 dedicat\u0103 vedetelor favorite ale celor mici, \u00een cadrul unei sec\u021biuni introduse anul acesta.<\/p>\n\n\n\n<p class=\"wp-block-paragraph\">Pentru ob\u021binerea popularului trofeu portocaliu, Andra a concurat al\u0103turi de arti\u0219ti precum\u00a0<strong>Ga\u0219ca Zurli, Alina Eremia \u0219i Irina Rimes<\/strong>.<\/p>\n\n\n\n<p class=\"wp-block-paragraph\">Anul acesta, odat\u0103 cu m\u0103surile de distan\u021bare social\u0103 impuse de situa\u021bia actual\u0103, gala a avut loc \u00een mediul virtual.<\/p>\n\n\n\n<h4 class=\"wp-block-heading\"><strong>Fanii din Rom\u00e2nia pot urm\u0103ri evenimentul pe Nickelodeon, pe 22 mai, de la ora 13.00 \u0219i \u00een reluare, pe 23 mai, de la ora 18.00.<\/strong><\/h4>\n\n\n\n<p class=\"wp-block-paragraph\"><em>\u201eSunt foarte fericit\u0103 s\u0103 aflu c\u0103 cei mai mici m-au votat \u00een num\u0103r at\u00e2t de mare la Nickelodeon Kids&#8217; Choice Awards! Datorit\u0103 lor am devenit prima artist\u0103 din Rom\u00e2nia care de\u021bine acest premiu \u0219i le mul\u021bumesc din suflet! Valoarea premiului este imens\u0103 pentru mine, mai ales pentru c\u0103 este acordat de public, ba chiar de cel mai dur public, format din copii, cei care apreciaz\u0103 cel mai mult autenticitatea \u0219i debordeaz\u0103 de sinceritate&#8221;<\/em>, a declarat Andra.<\/p>\n\n\n\n<h4 class=\"wp-block-heading\"><strong>Ariana Grande,<\/strong>&nbsp;<strong>Shawn Mendes \u0219i Beyonce, arti\u0219tii ale\u0219i de copii din toat\u0103 lumea<\/strong><\/h4>\n\n\n\n<p class=\"wp-block-paragraph\">Printre personalit\u0103\u021bile votate de copiii din \u00eentreaga lume s-au num\u0103rat:\u00a0<strong>Ariana Grande<\/strong>\u00a0(Artista favorit\u0103),\u00a0<strong>Shawn Mendes<\/strong>\u00a0(Artistul favorit),\u00a0<strong>Ellen DeGeneres<\/strong>\u00a0(Gazda TV favorit\u0103),\u00a0<strong>Millie Bobbie Brown<\/strong>\u00a0(Starul TV feminin favorit),\u00a0<strong>Tom Holland<\/strong>\u00a0(Supereroul favorit),\u00a0<strong>Beyonce<\/strong>\u00a0(Vocea feminin\u0103 favorit\u0103 dintr-un film animat),\u00a0<strong>Dwayne Johnson<\/strong>\u00a0(Actorul favorit),\u00a0<strong>David Dobrik<\/strong>\u00a0(Starul Youtube favorit),\u00a0<strong>Taylor Swift<\/strong>\u00a0(Starul muzical favorit la nivel global) \u0219i mul\u021bi al\u021bii.<\/p>\n\n\n\n<p class=\"wp-block-paragraph\"><a href=\"https:\/\/www.unsitedemuzica.ro\/stiri\/Andra-este-artistul-roman-preferat-al-copiilor-la-Kids-Choice-Awards-p9899\">UN SITE DE MUZICA<\/a><\/p>\n","protected":false},"excerpt":{"rendered":"<p>Andra este c\u00e2\u0219tig\u0103toarea categoriei \u201eCel mai iubit star din Rom\u00e2nia&#8221;, \u00een cadrul galei NICKELODEON&#8217;s Kids&#8217; Choice Awards 2020:Celebrate Together, un spectacol virtual care a avut loc pe 2 mai. Ga\u0219ca Zurli, Alina Eremia \u0219i Irina Rimes, printre concuren\u021bi Pentru prima dat\u0103, arti\u0219ti din Rom\u00e2nia au fost nominaliza\u021bi la faimoasa gal\u0103 dedicat\u0103 vedetelor favorite ale celor [&hellip;]<\/p>\n","protected":false},"author":1,"featured_media":0,"comment_status":"closed","ping_status":"closed","sticky":false,"template":"","format":"standard","meta":{"_crdt_document":"","footnotes":""},"categories":[3],"tags":[],"class_list":["post-2637","post","type-post","status-publish","format-standard","hentry","category-stars"],"_links":{"self":[{"href":"https:\/\/news-fm.ro\/index.php\/wp-json\/wp\/v2\/posts\/2637","targetHints":{"allow":["GET"]}}],"collection":[{"href":"https:\/\/news-fm.ro\/index.php\/wp-json\/wp\/v2\/posts"}],"about":[{"href":"https:\/\/news-fm.ro\/index.php\/wp-json\/wp\/v2\/types\/post"}],"author":[{"embeddable":true,"href":"https:\/\/news-fm.ro\/index.php\/wp-json\/wp\/v2\/users\/1"}],"replies":[{"embeddable":true,"href":"https:\/\/news-fm.ro\/index.php\/wp-json\/wp\/v2\/comments?post=2637"}],"version-history":[{"count":0,"href":"https:\/\/news-fm.ro\/index.php\/wp-json\/wp\/v2\/posts\/2637\/revisions"}],"wp:attachment":[{"href":"https:\/\/news-fm.ro\/index.php\/wp-json\/wp\/v2\/media?parent=2637"}],"wp:term":[{"taxonomy":"category","embeddable":true,"href":"https:\/\/news-fm.ro\/index.php\/wp-json\/wp\/v2\/categories?post=2637"},{"taxonomy":"post_tag","embeddable":true,"href":"https:\/\/news-fm.ro\/index.php\/wp-json\/wp\/v2\/tags?post=2637"}],"curies":[{"name":"wp","href":"https:\/\/api.w.org\/{rel}","templated":true}]}}