{"id":2635,"date":"2020-05-06T04:08:08","date_gmt":"2020-05-06T04:08:08","guid":{"rendered":"http:\/\/news-fm.ro\/?p=2635"},"modified":"2020-05-06T04:08:13","modified_gmt":"2020-05-06T04:08:13","slug":"in-plina-pandemie-de-covid-19-eminem-s-a-trezit-cu-un-fan-in-sufrageria-sa","status":"publish","type":"post","link":"https:\/\/news-fm.ro\/index.php\/2020\/05\/06\/in-plina-pandemie-de-covid-19-eminem-s-a-trezit-cu-un-fan-in-sufrageria-sa\/","title":{"rendered":"\u00cen plin\u0103 pandemie de COVID-19, Eminem s-a trezit cu un fan \u00een sufrageria sa"},"content":{"rendered":"\n<figure class=\"wp-block-image size-large\"><img decoding=\"async\" src=\"https:\/\/news-fm.ro\/wp-content\/uploads\/2020\/04\/eminem-coperta-godzilla-800x487-1.jpg\" alt=\"\" class=\"wp-image-2515\"\/><\/figure>\n\n\n\n<p class=\"wp-block-paragraph\">Eminem a tr\u0103it recent o experien\u021b\u0103 traumatizant\u0103, pentru c\u0103 s-a trezit, \u00een mijlocul nop\u021bii, cu o persoan\u0103 str\u0103in\u0103 care a intrat peste el \u00een cas\u0103.<\/p>\n\n\n\n<p class=\"wp-block-paragraph\">Rapperul a m\u0103rturisit c\u0103 a fost trezit de alarma de securitate \u0219i s-a dus s\u0103 vad\u0103 ce se \u00eent\u00e2mpl\u0103, iar \u00een sufragerie l-a g\u0103sit pe intrus. Acesta a reu\u0219it s\u0103 fug\u0103, dar poli\u021bia l-a prins \u00een scurt timp.<\/p>\n\n\n\n<p class=\"wp-block-paragraph\">Ini\u021bial s-a crezut c\u0103 este vorba de un sp\u0103rg\u0103tor, dar anchetatorii au ajuns la concluzia c\u0103, de fapt, era vorba doar de un fan care-\u0219i dorea s\u0103-l vad\u0103 pe artist \u00een carne \u0219i oase.\u00a0<\/p>\n\n\n\n<p class=\"wp-block-paragraph\">Fanul, Matthew David Hughes, are 26 de ani \u0219i se afl\u0103 acum dup\u0103 gratii, cu posibilitatea de a-\u0219i a\u0219tepta sentin\u021ba \u00een libertate dac\u0103 pl\u0103te\u0219te cau\u021biunea de 50.000 de dolari.<\/p>\n\n\n\n<p class=\"wp-block-paragraph\">Pentru a intra \u00een casa lui Eminem, acesta a folosit un bolovan cu care a spart fereastra buc\u0103t\u0103riei. Ce e \u0219i mai aiurea \u00een toat\u0103 acest\u0103 poveste este c\u0103 agen\u021bii de paz\u0103, care trebuiau s\u0103-i asigure securitatea rapperului, dormeau du\u0219i \u00een tot acest timp.&nbsp;<\/p>\n\n\n\n<p class=\"wp-block-paragraph\">Din fericire, totul s-a terminat cu bine, dar lucrurile puteau s\u0103 sf\u00e2r\u0219easc\u0103 tragic, ca \u00een cazul lui Pop Smoke.<\/p>\n\n\n\n<p class=\"wp-block-paragraph\">La \u00eenceputul acestui an, la vila din Hollywood unde st\u0103tea Pop\u00a0Smoke a fost jefuit\u0103, iar \u00een timpul acelui caz de intrare prin efrac\u021bie, rapperul a fost \u00eempu\u0219cat \u0219i, \u00een urma r\u0103nilor suferite, a decedat.\u00a0<\/p>\n\n\n\n<figure class=\"wp-block-embed-youtube wp-block-embed is-type-video is-provider-youtube wp-embed-aspect-16-9 wp-has-aspect-ratio\"><div class=\"wp-block-embed__wrapper\">\n<iframe title=\"Eminem - Godzilla ft. Juice WRLD (Directed by Cole Bennett)\" width=\"1140\" height=\"641\" src=\"https:\/\/www.youtube.com\/embed\/r_0JjYUe5jo?feature=oembed\" frameborder=\"0\" allow=\"accelerometer; autoplay; clipboard-write; encrypted-media; gyroscope; picture-in-picture; web-share\" allowfullscreen><\/iframe>\n<\/div><\/figure>\n\n\n\n<p class=\"wp-block-paragraph\"><a href=\"https:\/\/www.unsitedemuzica.ro\/stiri\/In-plina-pandemie-de-COVID-19-Eminem-s-a-trezit-cu-un-fan-in-sufrageria-sa-p9897\">UN SITE DE MUZICA<\/a><\/p>\n","protected":false},"excerpt":{"rendered":"<p>Eminem a tr\u0103it recent o experien\u021b\u0103 traumatizant\u0103, pentru c\u0103 s-a trezit, \u00een mijlocul nop\u021bii, cu o persoan\u0103 str\u0103in\u0103 care a intrat peste el \u00een cas\u0103. Rapperul a m\u0103rturisit c\u0103 a fost trezit de alarma de securitate \u0219i s-a dus s\u0103 vad\u0103 ce se \u00eent\u00e2mpl\u0103, iar \u00een sufragerie l-a g\u0103sit pe intrus. Acesta a reu\u0219it s\u0103 [&hellip;]<\/p>\n","protected":false},"author":1,"featured_media":0,"comment_status":"closed","ping_status":"closed","sticky":false,"template":"","format":"standard","meta":{"_crdt_document":"","footnotes":""},"categories":[3],"tags":[],"class_list":["post-2635","post","type-post","status-publish","format-standard","hentry","category-stars"],"_links":{"self":[{"href":"https:\/\/news-fm.ro\/index.php\/wp-json\/wp\/v2\/posts\/2635","targetHints":{"allow":["GET"]}}],"collection":[{"href":"https:\/\/news-fm.ro\/index.php\/wp-json\/wp\/v2\/posts"}],"about":[{"href":"https:\/\/news-fm.ro\/index.php\/wp-json\/wp\/v2\/types\/post"}],"author":[{"embeddable":true,"href":"https:\/\/news-fm.ro\/index.php\/wp-json\/wp\/v2\/users\/1"}],"replies":[{"embeddable":true,"href":"https:\/\/news-fm.ro\/index.php\/wp-json\/wp\/v2\/comments?post=2635"}],"version-history":[{"count":0,"href":"https:\/\/news-fm.ro\/index.php\/wp-json\/wp\/v2\/posts\/2635\/revisions"}],"wp:attachment":[{"href":"https:\/\/news-fm.ro\/index.php\/wp-json\/wp\/v2\/media?parent=2635"}],"wp:term":[{"taxonomy":"category","embeddable":true,"href":"https:\/\/news-fm.ro\/index.php\/wp-json\/wp\/v2\/categories?post=2635"},{"taxonomy":"post_tag","embeddable":true,"href":"https:\/\/news-fm.ro\/index.php\/wp-json\/wp\/v2\/tags?post=2635"}],"curies":[{"name":"wp","href":"https:\/\/api.w.org\/{rel}","templated":true}]}}