{"id":2618,"date":"2020-05-04T04:43:13","date_gmt":"2020-05-04T04:43:13","guid":{"rendered":"http:\/\/news-fm.ro\/?p=2618"},"modified":"2020-05-04T04:44:12","modified_gmt":"2020-05-04T04:44:12","slug":"puya-andra-si-guz-lanseaza-piesa-dorul","status":"publish","type":"post","link":"https:\/\/news-fm.ro\/index.php\/2020\/05\/04\/puya-andra-si-guz-lanseaza-piesa-dorul\/","title":{"rendered":"Puya, Andra \u015fi Guz lanseaz\u0103 piesa &#8220;DORUL&#8221;"},"content":{"rendered":"\n<figure class=\"wp-block-image size-large\"><img decoding=\"async\" src=\"https:\/\/news-fm.ro\/wp-content\/uploads\/2020\/05\/puya-andra.jpg\" alt=\"\" class=\"wp-image-2619\"\/><\/figure>\n\n\n\n<p class=\"wp-block-paragraph\">Puya, Andra \u0219i Guz \u0219i-au unit for\u021bele \u0219i au creat o pies\u0103 care poate fi coloana sonor\u0103 a sentimentului actual, \u00een vremurile \u00een care m\u00e2ng\u00e2ierile sunt arme, iar absen\u021ba este dovad\u0103 de iubire.<\/p>\n\n\n\n<p class=\"wp-block-paragraph\">Dorul&#8230; sentimentul care ne macin\u0103 pe to\u021bi \u00een aceast\u0103 perioad\u0103. Cine nu sufer\u0103 de dor acum? C\u00e2nd suntem izola\u021bi \u00een case, departe de p\u0103rin\u021bi \u0219i prieteni, c\u00e2nd nu putem s\u0103 ne vizit\u0103m, s\u0103 ne \u00eembr\u0103\u021bi\u0219\u0103m, s\u0103 ne atingem? Este un chin pe care al\u021bii nu-l \u00een\u021beleg cum \u00eel \u00een\u021belegem noi c\u00e2nd spunem \u201cdor\u201d.<\/p>\n\n\n\n<p class=\"wp-block-paragraph\">Single-ul \u201cDorul\u201d este un amestec de pop \u0219i rap, cu influen\u021be folclorice \u0219i referiri la istorie \u0219i tradi\u021bii. Vocea Andrei \u00eendulce\u0219te refrenul, iar povestea impreionant\u0103 din strofe e spus\u0103 pe ritm de rap de Puya \u0219i Guz, \u00een stilurile lor caracteristice.<\/p>\n\n\n\n<p class=\"wp-block-paragraph\">Arti\u0219tii s-au \u00eent\u00e2lnit \u00een studio \u00eenainte de criza actual\u0103, f\u0103r\u0103 s\u0103 se g\u00e2ndeasc\u0103 la faptul c\u0103 este probabil ultima oar\u0103 c\u00e2nd se reunesc pentru o lung\u0103 perioad\u0103 de timp \u0219i printre ultimele s\u0103pt\u0103m\u00e2ni \u00een care via\u021ba se mai desf\u0103\u0219oar\u0103 cum eram obi\u0219nui\u021bi.<\/p>\n\n\n\n<p class=\"wp-block-paragraph\">Videoclipul piesei a fost filmat pe perioada st\u0103rii de urgent\u0103, respect\u00e2nd conditiile de sigurant\u0103 impuse.<\/p>\n\n\n\n<figure class=\"wp-block-embed-youtube wp-block-embed is-type-video is-provider-youtube wp-embed-aspect-16-9 wp-has-aspect-ratio\"><div class=\"wp-block-embed__wrapper\">\n<iframe title=\"Puya feat. Andra &amp; Guz - Dorul (Videoclip Oficial)\" width=\"1140\" height=\"641\" src=\"https:\/\/www.youtube.com\/embed\/Ykl7LNRNwwI?feature=oembed\" frameborder=\"0\" allow=\"accelerometer; autoplay; clipboard-write; encrypted-media; gyroscope; picture-in-picture; web-share\" allowfullscreen><\/iframe>\n<\/div><\/figure>\n\n\n\n<blockquote class=\"wp-block-quote is-layout-flow wp-block-quote-is-layout-flow\"><p><strong>Dorul este o pies\u0103 la care cred c\u0103 vor vibra sufletele rom\u00e2nilor, mai ales acum c\u00e2nd au trecut at\u00e2tea s\u0103pt\u0103m\u00e2ni, ba chiar \u0219i s\u0103rb\u0103tori importante, iar noi tot nu ne-am rev\u0103zut p\u0103rin\u021bii. Nu a\u0219 fi crezut c\u0103 o vom lansa \u00eentr-o criz\u0103 ca cea pe care o tr\u0103im acum \u0219i c\u0103 piesa va c\u0103p\u0103ta aceste semnifica\u021bii,\u00a0<\/strong><\/p><cite>a spus\u00a0<strong>Andra.<\/strong><\/cite><\/blockquote>\n\n\n\n<blockquote class=\"wp-block-quote is-layout-flow wp-block-quote-is-layout-flow\"><p><strong>Cred ca acum mai mult ca niciodata romanii au nevoie de unire. Acum cand au trecut peste 100 de ani de la marea unire, noi suntem mai dezbinati ca niciodata. Impartiti de social media sau mii de km in diverse grupulete, uitam ca avem acelasi sange, vorbim aceiasi limba, avem aceiasi traditie si suferim cu totii de acelasi dor de casa! Piesa este un apel la unitate! Ca in celebra poezie folclorica romanesca, unu-i moldovean (Guz), altul e muntean (Puya) si altul ardelean (Andra).<br>E timpul sa fim mandri ca suntem romani. Piesa este bonus track al albumului Aventurile Domnului Puya, lansat in decembrie anul trecut, si este compusa de catre Mahia Beldo. Una dintre putinele co-productii dintre doua case de discuri total independente, Scandalos Music si Andra Records. Acum, in 2020, e timpul sa dam generatiei noi din experienta acumulata in cei 20 si ceva de ani de munca si sa intindem o mana celor care sunt la inceput de drum, <\/strong><\/p><cite>a spus\u00a0<strong>Puya.<\/strong><\/cite><\/blockquote>\n\n\n\n<blockquote class=\"wp-block-quote is-layout-flow wp-block-quote-is-layout-flow\"><p><strong>M-am bucurat c\u00e2nd Puya mi-a propus s\u0103 colabor\u0103m \u0219i am putut s\u0103 contribui cu textul meu \u0219i vocea mea la o pies\u0103 foarte sincer\u0103 \u0219i dureroas\u0103 despre originile noastre,\u00a0<\/strong><\/p><cite>a spus\u00a0<strong>Guz.<\/strong><\/cite><\/blockquote>\n\n\n\n<p class=\"wp-block-paragraph\"><a href=\"https:\/\/www.profm.ro\/stiri\/news\/muzica\/cine-nu-sufera-de-dor-acum-puya-andra-si-guz-lanseaza-dorul-official-video-103129\">PROFM<\/a><\/p>\n","protected":false},"excerpt":{"rendered":"<p>Puya, Andra \u0219i Guz \u0219i-au unit for\u021bele \u0219i au creat o pies\u0103 care poate fi coloana sonor\u0103 a sentimentului actual, \u00een vremurile \u00een care m\u00e2ng\u00e2ierile sunt arme, iar absen\u021ba este dovad\u0103 de iubire. Dorul&#8230; sentimentul care ne macin\u0103 pe to\u021bi \u00een aceast\u0103 perioad\u0103. Cine nu sufer\u0103 de dor acum? C\u00e2nd suntem izola\u021bi \u00een case, departe [&hellip;]<\/p>\n","protected":false},"author":1,"featured_media":0,"comment_status":"closed","ping_status":"closed","sticky":false,"template":"","format":"standard","meta":{"_crdt_document":"","footnotes":""},"categories":[4,3],"tags":[],"class_list":["post-2618","post","type-post","status-publish","format-standard","hentry","category-noutati","category-stars"],"_links":{"self":[{"href":"https:\/\/news-fm.ro\/index.php\/wp-json\/wp\/v2\/posts\/2618","targetHints":{"allow":["GET"]}}],"collection":[{"href":"https:\/\/news-fm.ro\/index.php\/wp-json\/wp\/v2\/posts"}],"about":[{"href":"https:\/\/news-fm.ro\/index.php\/wp-json\/wp\/v2\/types\/post"}],"author":[{"embeddable":true,"href":"https:\/\/news-fm.ro\/index.php\/wp-json\/wp\/v2\/users\/1"}],"replies":[{"embeddable":true,"href":"https:\/\/news-fm.ro\/index.php\/wp-json\/wp\/v2\/comments?post=2618"}],"version-history":[{"count":0,"href":"https:\/\/news-fm.ro\/index.php\/wp-json\/wp\/v2\/posts\/2618\/revisions"}],"wp:attachment":[{"href":"https:\/\/news-fm.ro\/index.php\/wp-json\/wp\/v2\/media?parent=2618"}],"wp:term":[{"taxonomy":"category","embeddable":true,"href":"https:\/\/news-fm.ro\/index.php\/wp-json\/wp\/v2\/categories?post=2618"},{"taxonomy":"post_tag","embeddable":true,"href":"https:\/\/news-fm.ro\/index.php\/wp-json\/wp\/v2\/tags?post=2618"}],"curies":[{"name":"wp","href":"https:\/\/api.w.org\/{rel}","templated":true}]}}