{"id":2615,"date":"2020-05-04T04:35:56","date_gmt":"2020-05-04T04:35:56","guid":{"rendered":"http:\/\/news-fm.ro\/?p=2615"},"modified":"2020-05-04T04:36:00","modified_gmt":"2020-05-04T04:36:00","slug":"audio-adda-lanseaza-prieteni-buni","status":"publish","type":"post","link":"https:\/\/news-fm.ro\/index.php\/2020\/05\/04\/audio-adda-lanseaza-prieteni-buni\/","title":{"rendered":"AUDIO: Adda lanseaz\u0103 \u201ePRIETENI BUNI\u201d"},"content":{"rendered":"\n<figure class=\"wp-block-image size-large\"><img decoding=\"async\" src=\"https:\/\/news-fm.ro\/wp-content\/uploads\/2020\/05\/ADDA.png\" alt=\"\" class=\"wp-image-2616\"\/><\/figure>\n\n\n\n<p class=\"wp-block-paragraph\">ADDA lanseaz\u0103 \u201ePrieteni buni\u201d, a unsprezecea pies\u0103 ce se va reg\u0103si pe primul album al artistei, \u201eArt\u0103, via\u021b\u0103 \u0219i iubire\u201d.&nbsp;\u201ePrieteni buni\u201d este&nbsp;un single despre&nbsp;un&nbsp;alt fel de prieteni, cei care stau deoparte, dar de care \u00ee\u021bi aduci aminte c\u00e2nd \u00ee\u021bi \u00eeneci amarul sau te bucuri de o victorie. Atunci c\u00e2nd cei din jur fug dup\u0103 visurile lor, \u00ee\u0219i tr\u0103iesc via\u021ba \u0219i aleg s\u0103 te ignore cau\u021bi al\u021bi \u201ePrieteni buni\u201d, unii care nu te critica, ci doar te ascult\u0103.<\/p>\n\n\n\n<blockquote class=\"wp-block-quote is-layout-flow wp-block-quote-is-layout-flow\"><p>C\u00e2nd am compus piesa \u00abPrieteni buni\u00bb f\u0103ceam cuno\u0219tin\u021b\u0103 cu diverse situa\u021bii: unele amuzante, altele triste, iar multe dintre ele dez\u0103m\u0103gitoare. Prietenii din aceast\u0103 pies\u0103 sunt m\u0103\u0219tile st\u0103rilor mele. Versurile nu \u00eendeamn\u0103 lumea la a g\u0103si refugiu \u00een alcool. Enjoy it responsibly, <\/p><cite>declar\u0103 ADDA.<\/cite><\/blockquote>\n\n\n\n<p class=\"wp-block-paragraph\">\u201ePrieteni buni\u201d face parte din cele doisprezece piese pline de sensibilitate,&nbsp;ale c\u0103ror&nbsp;versuri te transpun \u00eentr-o c\u0103l\u0103torie a crea\u021biei,&nbsp;ce formeaz\u0103 albumul \u201eArt\u0103, via\u021b\u0103 \u0219i iubire\u201d. Single-ul&nbsp;este&nbsp;compus de c\u0103tre ADDA, \u00eempreun\u0103 cu Alexandra Rizea, Teodor Baghiu \u0219i Theodor Costache.<\/p>\n\n\n\n<p class=\"wp-block-paragraph\">\u00cen septembrie, artista a lansat intro-ul ce anun\u021ba primul album din carier\u0103: \u201eArt\u0103, Via\u021b\u0103 \u0219i Iubire\u201d. Au urmat apoi \u201eCe am cu tine\u201d, \u201eCum doare o inim\u0103\u201d, \u201eA fost odat\u0103 ca-n pove\u0219ti\u201d, \u201eR\u0103s\u0103rit\u201d, \u201ePl\u00e2ng \u00een hohote\u201d, \u201eGr\u0103dina\u201d, \u201eDac\u0103\u201d, \u201eLacrimi\u201d, o pies\u0103 inspirat\u0103 din povestea nebun\u0103 de dragoste pe care ADDA o tr\u0103ie\u0219te al\u0103turi de so\u021bul ei, \u201eFemei\u201d, un statement muzical dedicat femeilor, \u201eFals\u201d, o pies\u0103 despre \u201egrani\u021ba fin\u0103\u201d dintre prietenie \u0219i minciun\u0103 \u0219i \u201eStelele\u201d, o pies\u0103 pentru cei cu inimi fr\u00e2nte.<\/p>\n\n\n\n<figure class=\"wp-block-embed-youtube wp-block-embed is-type-video is-provider-youtube wp-embed-aspect-16-9 wp-has-aspect-ratio\"><div class=\"wp-block-embed__wrapper\">\n<iframe title=\"ADDA - Prieteni Buni | Audio\" width=\"1140\" height=\"641\" src=\"https:\/\/www.youtube.com\/embed\/mZU-o_PDFaY?feature=oembed\" frameborder=\"0\" allow=\"accelerometer; autoplay; clipboard-write; encrypted-media; gyroscope; picture-in-picture; web-share\" allowfullscreen><\/iframe>\n<\/div><\/figure>\n\n\n\n<p class=\"wp-block-paragraph\"><a href=\"https:\/\/virginradio.ro\/adda-lanseaza-prieteni-buni-o-piesa-despre-un-alt-fel-de-prieteni\/\">VIRGIN RADIO<\/a><\/p>\n","protected":false},"excerpt":{"rendered":"<p>ADDA lanseaz\u0103 \u201ePrieteni buni\u201d, a unsprezecea pies\u0103 ce se va reg\u0103si pe primul album al artistei, \u201eArt\u0103, via\u021b\u0103 \u0219i iubire\u201d.&nbsp;\u201ePrieteni buni\u201d este&nbsp;un single despre&nbsp;un&nbsp;alt fel de prieteni, cei care stau deoparte, dar de care \u00ee\u021bi aduci aminte c\u00e2nd \u00ee\u021bi \u00eeneci amarul sau te bucuri de o victorie. Atunci c\u00e2nd cei din jur fug dup\u0103 visurile [&hellip;]<\/p>\n","protected":false},"author":1,"featured_media":0,"comment_status":"closed","ping_status":"closed","sticky":false,"template":"","format":"standard","meta":{"_crdt_document":"","footnotes":""},"categories":[4,3],"tags":[],"class_list":["post-2615","post","type-post","status-publish","format-standard","hentry","category-noutati","category-stars"],"_links":{"self":[{"href":"https:\/\/news-fm.ro\/index.php\/wp-json\/wp\/v2\/posts\/2615","targetHints":{"allow":["GET"]}}],"collection":[{"href":"https:\/\/news-fm.ro\/index.php\/wp-json\/wp\/v2\/posts"}],"about":[{"href":"https:\/\/news-fm.ro\/index.php\/wp-json\/wp\/v2\/types\/post"}],"author":[{"embeddable":true,"href":"https:\/\/news-fm.ro\/index.php\/wp-json\/wp\/v2\/users\/1"}],"replies":[{"embeddable":true,"href":"https:\/\/news-fm.ro\/index.php\/wp-json\/wp\/v2\/comments?post=2615"}],"version-history":[{"count":0,"href":"https:\/\/news-fm.ro\/index.php\/wp-json\/wp\/v2\/posts\/2615\/revisions"}],"wp:attachment":[{"href":"https:\/\/news-fm.ro\/index.php\/wp-json\/wp\/v2\/media?parent=2615"}],"wp:term":[{"taxonomy":"category","embeddable":true,"href":"https:\/\/news-fm.ro\/index.php\/wp-json\/wp\/v2\/categories?post=2615"},{"taxonomy":"post_tag","embeddable":true,"href":"https:\/\/news-fm.ro\/index.php\/wp-json\/wp\/v2\/tags?post=2615"}],"curies":[{"name":"wp","href":"https:\/\/api.w.org\/{rel}","templated":true}]}}