{"id":2612,"date":"2020-05-04T04:31:28","date_gmt":"2020-05-04T04:31:28","guid":{"rendered":"http:\/\/news-fm.ro\/?p=2612"},"modified":"2020-05-04T04:31:31","modified_gmt":"2020-05-04T04:31:31","slug":"ariana-grande-si-justin-bieber-vor-lansa-o-piesa-impreuna","status":"publish","type":"post","link":"https:\/\/news-fm.ro\/index.php\/2020\/05\/04\/ariana-grande-si-justin-bieber-vor-lansa-o-piesa-impreuna\/","title":{"rendered":"Ariana Grande \u015fi Justin Bieber vor lansa o pies\u0103 \u00eempreun\u0103"},"content":{"rendered":"\n<figure class=\"wp-block-image size-large\"><img decoding=\"async\" src=\"https:\/\/news-fm.ro\/wp-content\/uploads\/2020\/05\/Justin-Bieber-Ariana-Grande-Getty-AP-800x450-1.jpg\" alt=\"\" class=\"wp-image-2613\"\/><\/figure>\n\n\n\n<p class=\"wp-block-paragraph\">Ariana Grande \u0219i Justin Bieber vor lansa pe 8 mai o pies\u0103 \u00eempreun\u0103 \u00een scop caritabil pentru cei care nu mai au acces la educa\u021bie \u00een perioada aceasta \u0219i pentru cei care lupt\u0103 \u00een prima linie in momentul de fa\u021b\u0103 \u00eempotriva virusului Covid-19.<\/p>\n\n\n\n<p class=\"wp-block-paragraph\">Piesa se nume\u0219te \u201e<strong>Stuck with U<\/strong>\u201d \u0219i pare a fi un blues din teaser-ul distribuit de cant\u0103rea\u021b\u0103 pe contul ei de Instagram. Toate \u00eencas\u0103rile din v\u00e2nz\u0103ri vor fi direc\u021bionate c\u0103tre organiza\u021bia First Responders Children \u0219i SB Project \u00eenfiin\u021bat\u0103 de managerul am\u00e2ndurora, Scooter Braun.<\/p>\n\n\n\n<figure class=\"wp-block-embed-instagram wp-block-embed is-type-rich is-provider-instagram\"><div class=\"wp-block-embed__wrapper\">\nhttps:\/\/www.instagram.com\/p\/B_qIxuGl73S\/\n<\/div><\/figure>\n\n\n\n<p class=\"wp-block-paragraph\"><a href=\"https:\/\/virginradio.ro\/ariana-grande-si-justin-bieber-vor-lansa-o-piesa-impreuna\/\">VIRGIN RADIO<\/a><\/p>\n","protected":false},"excerpt":{"rendered":"<p>Ariana Grande \u0219i Justin Bieber vor lansa pe 8 mai o pies\u0103 \u00eempreun\u0103 \u00een scop caritabil pentru cei care nu mai au acces la educa\u021bie \u00een perioada aceasta \u0219i pentru cei care lupt\u0103 \u00een prima linie in momentul de fa\u021b\u0103 \u00eempotriva virusului Covid-19. Piesa se nume\u0219te \u201eStuck with U\u201d \u0219i pare a fi un blues [&hellip;]<\/p>\n","protected":false},"author":1,"featured_media":0,"comment_status":"closed","ping_status":"closed","sticky":false,"template":"","format":"standard","meta":{"_crdt_document":"","footnotes":""},"categories":[4,3],"tags":[],"class_list":["post-2612","post","type-post","status-publish","format-standard","hentry","category-noutati","category-stars"],"_links":{"self":[{"href":"https:\/\/news-fm.ro\/index.php\/wp-json\/wp\/v2\/posts\/2612","targetHints":{"allow":["GET"]}}],"collection":[{"href":"https:\/\/news-fm.ro\/index.php\/wp-json\/wp\/v2\/posts"}],"about":[{"href":"https:\/\/news-fm.ro\/index.php\/wp-json\/wp\/v2\/types\/post"}],"author":[{"embeddable":true,"href":"https:\/\/news-fm.ro\/index.php\/wp-json\/wp\/v2\/users\/1"}],"replies":[{"embeddable":true,"href":"https:\/\/news-fm.ro\/index.php\/wp-json\/wp\/v2\/comments?post=2612"}],"version-history":[{"count":0,"href":"https:\/\/news-fm.ro\/index.php\/wp-json\/wp\/v2\/posts\/2612\/revisions"}],"wp:attachment":[{"href":"https:\/\/news-fm.ro\/index.php\/wp-json\/wp\/v2\/media?parent=2612"}],"wp:term":[{"taxonomy":"category","embeddable":true,"href":"https:\/\/news-fm.ro\/index.php\/wp-json\/wp\/v2\/categories?post=2612"},{"taxonomy":"post_tag","embeddable":true,"href":"https:\/\/news-fm.ro\/index.php\/wp-json\/wp\/v2\/tags?post=2612"}],"curies":[{"name":"wp","href":"https:\/\/api.w.org\/{rel}","templated":true}]}}