{"id":2599,"date":"2020-04-30T04:34:06","date_gmt":"2020-04-30T04:34:06","guid":{"rendered":"http:\/\/news-fm.ro\/?p=2599"},"modified":"2020-04-30T04:34:09","modified_gmt":"2020-04-30T04:34:09","slug":"klaus-iohannis-marile-festivaluri-probabil-nu-vor-avea-loc-in-acest-an","status":"publish","type":"post","link":"https:\/\/news-fm.ro\/index.php\/2020\/04\/30\/klaus-iohannis-marile-festivaluri-probabil-nu-vor-avea-loc-in-acest-an\/","title":{"rendered":"Klaus Iohannis: &#8220;Marile festivaluri probabil nu vor avea loc \u00een acest an&#8221;"},"content":{"rendered":"\n<figure class=\"wp-block-image size-large\"><img decoding=\"async\" src=\"https:\/\/news-fm.ro\/wp-content\/uploads\/2020\/04\/UNTOLD1.jpg\" alt=\"\" class=\"wp-image-2532\"\/><\/figure>\n\n\n\n<p class=\"wp-block-paragraph\">Perioada de relaxare a m\u0103surilor anticoronavirus, a\u0219teptat\u0103 dup\u0103 data de 15 mai, va presupune, \u00een continuare, men\u021binerea multor restric\u021bii. \u00cen acest context, marile festivaluri din Rom\u00e2nia nu se vor putea desf\u0103\u0219ura, cel mai probabil, anul acesta, a indicat pre\u0219edintele Klaus Iohannis \u00een cadrul unei conferin\u021be de pres\u0103, prima de la debutul pandemiei de coronavirus.<\/p>\n\n\n\n<p class=\"wp-block-paragraph\">Starea de urgen\u021b\u0103 instituit\u0103 \u00een Rom\u00e2nia pe 16 martie \u0219i prelungit\u0103 cu \u00eenc\u0103 o lun\u0103 pe 15 aprilie se va \u00eencheia \u00een urm\u0103toarele s\u0103pt\u0103m\u00e2ni. Potrivit autorit\u0103\u021bilor, dup\u0103 data de 15 mai vom intra \u00eentr-o perioad\u0103 de relaxare, \u00eens\u0103 multe dintre restric\u021bii vor r\u0103m\u00e2ne \u00een vigoare.<\/p>\n\n\n\n<p class=\"wp-block-paragraph\">Pe 28 aprilie,\u00a0<strong>Klaus Iohannis<\/strong>\u00a0a anun\u021bat \u00een cadrul unei conferin\u021be de pres\u0103 c\u0103\u00a0m\u0103surile anticoronavirus\u00a0se vor p\u0103stra, \u00een mare parte, acest lucru urm\u00e2nd s\u0103 afecteze \u00een continuare\u00a0<strong>pia\u021ba de concerte \u0219i festivaluri din Rom\u00e2nia<\/strong>.<\/p>\n\n\n\n<h4 class=\"wp-block-heading\"><strong>Klaus Iohannis:&nbsp;<\/strong>&#8220;Nu vom putea s\u0103 ne \u00eent\u00e2lnim dec\u00e2t maximum c\u00e2te 3&#8221;<\/h4>\n\n\n\n<blockquote class=\"wp-block-quote is-layout-flow wp-block-quote-is-layout-flow\"><p>Vor r\u0103m\u00e2ne foarte multe restric\u021bii \u00een vigoare, nu vom putea s\u0103 ne \u00eent\u00e2lnim dec\u00e2t maximum c\u00e2te 3. Nu vom putea, o vreme destul de bun\u0103, s\u0103 ie\u0219im, de exemplu, la restaurant sau la mall. Nu vom putea, imediat dup\u0103 15 mai, nici m\u0103car s\u0103 plec\u0103m din localitate, dec\u00e2t dac\u0103 avem un motiv foarte serios ,<\/p><cite>a declarat \u0219eful statului.<\/cite><\/blockquote>\n\n\n\n<p class=\"wp-block-paragraph\">Exemplific\u00e2nd, \u00een continuare, ce alte activit\u0103\u021bi vor r\u0103m\u00e2ne suspendate,&nbsp;<strong>Klaus Iohannis<\/strong>&nbsp;a men\u021bionat \u00een discursul s\u0103u \u0219i<strong>&nbsp;marile festivaluri din Rom\u00e2nia<\/strong>. Acestea prezint\u0103 riscuri majore de \u00eemboln\u0103vire, a\u0219a \u00eenc\u00e2t, cel mai probabil, nu vor mai avea loc anul acesta, a indicat pre\u0219edintele.<\/p>\n\n\n\n<blockquote class=\"wp-block-quote is-layout-flow wp-block-quote-is-layout-flow\"><p><strong>Marile festivaluri probabil NU vor avea loc \u00een acest an<\/strong>. Nu putem s\u0103 risc\u0103m s\u0103 avem un num\u0103r mare de persoane adunate \u00eentr-un loc.<\/p><\/blockquote>\n\n\n\n<h4 class=\"wp-block-heading\">Situa\u021bia actual\u0103 a marilor festivaluri \u0219i concerte din Rom\u00e2nia<\/h4>\n\n\n\n<p class=\"wp-block-paragraph\">\u00cen prezent, niciun mare festival din Rom\u00e2nia nu a fost \u00eenc\u0103 anulat.\u00a0Organizatorii Untold \u0219i Neversea au transmis publicului c\u0103 festivalurile NU sunt anulate, pun\u00e2nd \u00een v\u00e2nzare noi tipuri de bilete \u0219i abonamente.<\/p>\n\n\n\n<p class=\"wp-block-paragraph\"><strong>SAGA Festival<\/strong>, ce ar fi trebuit s\u0103 aib\u0103 loc \u00eentre 5 \u015fi 7 iunie \u00een Parcul Izvor din Bucure\u0219ti,\u00a0a fost mutat \u00een toamn\u0103.<\/p>\n\n\n\n<p class=\"wp-block-paragraph\"><strong>Electric Castle<\/strong>\u00a0\u0219i-a ad\u0103ugat \u00een lineup noi headlineri\u00a0chiar la mijlocul lunii martie, c\u00e2nd pandemia de coronavirus era \u00eenc\u0103 \u00eentr-un stadiu incipient \u00een Rom\u00e2nia.<\/p>\n\n\n\n<p class=\"wp-block-paragraph\">Despre\u00a0<strong>ARTmania<\/strong>, ce ar trebui s\u0103 aib\u0103 loc \u00een weekend-ul 24 &#8211; 25 iulie,\u00a0<strong>Summer Well<\/strong>, ce ar trebui s\u0103 se desf\u0103\u0219oare \u00een perioada 7 &#8211; 9 august, \u0219i\u00a0Fall in Love Festival, din perioada 4 &#8211; 6 septembrie, nu se \u0219tie \u00eenc\u0103 \u00een ce m\u0103sur\u0103 vor fi afectate de pandemie. Organizatorii nu au anun\u021bat p\u00e2n\u0103 la acest moment nicio modificare \u00een programul anun\u021bat.<\/p>\n\n\n\n<p class=\"wp-block-paragraph\">\u00cen contextul declara\u021biei pre\u0219edintelui Iohannis, incert\u0103 este \u0219i situa\u021bia concertului\u00a0<strong>Celine Dion<\/strong>\u00a0de pe Arena Na\u021bional\u0103, precum \u0219i a altor concerte de anvergur\u0103, precum\u00a0Slipknot,\u00a0David Garrett\u00a0\u0219i\u00a0Stjepan Hauser.<\/p>\n\n\n\n<p class=\"wp-block-paragraph\"><a href=\"https:\/\/www.infomusic.ro\/2020\/04\/klaus-iohannis-marile-festivaluri-probabil-nu-vor-avea-loc-in-acest-an\/\">INFO MUSIC<\/a><\/p>\n","protected":false},"excerpt":{"rendered":"<p>Perioada de relaxare a m\u0103surilor anticoronavirus, a\u0219teptat\u0103 dup\u0103 data de 15 mai, va presupune, \u00een continuare, men\u021binerea multor restric\u021bii. \u00cen acest context, marile festivaluri din Rom\u00e2nia nu se vor putea desf\u0103\u0219ura, cel mai probabil, anul acesta, a indicat pre\u0219edintele Klaus Iohannis \u00een cadrul unei conferin\u021be de pres\u0103, prima de la debutul pandemiei de coronavirus. Starea [&hellip;]<\/p>\n","protected":false},"author":1,"featured_media":0,"comment_status":"closed","ping_status":"closed","sticky":false,"template":"","format":"standard","meta":{"_crdt_document":"","footnotes":""},"categories":[4],"tags":[],"class_list":["post-2599","post","type-post","status-publish","format-standard","hentry","category-noutati"],"_links":{"self":[{"href":"https:\/\/news-fm.ro\/index.php\/wp-json\/wp\/v2\/posts\/2599","targetHints":{"allow":["GET"]}}],"collection":[{"href":"https:\/\/news-fm.ro\/index.php\/wp-json\/wp\/v2\/posts"}],"about":[{"href":"https:\/\/news-fm.ro\/index.php\/wp-json\/wp\/v2\/types\/post"}],"author":[{"embeddable":true,"href":"https:\/\/news-fm.ro\/index.php\/wp-json\/wp\/v2\/users\/1"}],"replies":[{"embeddable":true,"href":"https:\/\/news-fm.ro\/index.php\/wp-json\/wp\/v2\/comments?post=2599"}],"version-history":[{"count":0,"href":"https:\/\/news-fm.ro\/index.php\/wp-json\/wp\/v2\/posts\/2599\/revisions"}],"wp:attachment":[{"href":"https:\/\/news-fm.ro\/index.php\/wp-json\/wp\/v2\/media?parent=2599"}],"wp:term":[{"taxonomy":"category","embeddable":true,"href":"https:\/\/news-fm.ro\/index.php\/wp-json\/wp\/v2\/categories?post=2599"},{"taxonomy":"post_tag","embeddable":true,"href":"https:\/\/news-fm.ro\/index.php\/wp-json\/wp\/v2\/tags?post=2599"}],"curies":[{"name":"wp","href":"https:\/\/api.w.org\/{rel}","templated":true}]}}