{"id":2594,"date":"2020-04-30T04:24:57","date_gmt":"2020-04-30T04:24:57","guid":{"rendered":"http:\/\/news-fm.ro\/?p=2594"},"modified":"2020-04-30T04:25:00","modified_gmt":"2020-04-30T04:25:00","slug":"oprah-winfrey-si-miley-cyrus-ajuta-elevii-sa-si-celebreze-absolvirea-liceului-pe-facebook","status":"publish","type":"post","link":"https:\/\/news-fm.ro\/index.php\/2020\/04\/30\/oprah-winfrey-si-miley-cyrus-ajuta-elevii-sa-si-celebreze-absolvirea-liceului-pe-facebook\/","title":{"rendered":"Oprah Winfrey \u015fi Miley Cyrus ajut\u0103 elevii s\u0103-\u015fi celebreze absolvirea liceului pe Facebook"},"content":{"rendered":"\n<figure class=\"wp-block-image size-large\"><img fetchpriority=\"high\" decoding=\"async\" width=\"1024\" height=\"576\" src=\"https:\/\/news-fm.ro\/wp-content\/uploads\/2020\/03\/miley-cyrus-1024x576.jpg\" alt=\"\" class=\"wp-image-2141\" srcset=\"https:\/\/news-fm.ro\/wp-content\/uploads\/2020\/03\/miley-cyrus-1024x576.jpg 1024w, https:\/\/news-fm.ro\/wp-content\/uploads\/2020\/03\/miley-cyrus-300x169.jpg 300w, https:\/\/news-fm.ro\/wp-content\/uploads\/2020\/03\/miley-cyrus-768x432.jpg 768w, https:\/\/news-fm.ro\/wp-content\/uploads\/2020\/03\/miley-cyrus-1536x864.jpg 1536w, https:\/\/news-fm.ro\/wp-content\/uploads\/2020\/03\/miley-cyrus-2048x1152.jpg 2048w, https:\/\/news-fm.ro\/wp-content\/uploads\/2020\/03\/miley-cyrus-500x281.jpg 500w\" sizes=\"(max-width: 1024px) 100vw, 1024px\" \/><\/figure>\n\n\n\n<p class=\"wp-block-paragraph\">La nivel mondial, pandemia a determinat foarte multe \u021b\u0103ri s\u0103 \u00eenchid\u0103 \u0219colile, iar asta \u00eenseamn\u0103 c\u0103 to\u021bi elevii de a 12-a nu vor putea s\u0103 celebreze terminarea liceului, printr-un bal sau o festivitate de absolvire, a\u0219a cum se f\u0103cea p\u00e2n\u0103 acum.<\/p>\n\n\n\n<p class=\"wp-block-paragraph\">Pentru c\u0103, vrem nu vrem, tr\u0103im \u00eentr-o er\u0103 online, Facebook vrea s\u0103 fac\u0103 ceva pentru to\u021bi ace\u0219ti tineri \u0219i s\u0103 le ofere o parte din entuziasmul pe care trebuiau s\u0103-l aib\u0103 la final de an \u0219colar &#8211; va organiza un eveniment special de streaming.<\/p>\n\n\n\n<p class=\"wp-block-paragraph\"><strong>\u201e#Graduation2020: Facebook and Instagram Celebrate the Class of 2020\u201d<\/strong>\u00a0<a rel=\"noreferrer noopener\" href=\"https:\/\/people.com\/human-interest\/facebook-host-graduation-event-class-of-2020\/\" target=\"_blank\">va fi online<\/a>\u00a0\u00eencep\u00e2nd cu\u00a0<strong>15 mai<\/strong>, iar event-ul este organizat cu ajutorul unor nume celebre precum:\u00a0<strong>Oprah Winfrey, Jennifer Garner \u0219i Miley Cyrus.<\/strong><\/p>\n\n\n\n<p class=\"wp-block-paragraph\">\u201ePetrecerea\u201d difuzat\u0103 pe&nbsp;<a href=\"https:\/\/www.facebook.com\/facebookapp\" target=\"_blank\" rel=\"noreferrer noopener\">Facebook Watch<\/a>&nbsp;va dura c\u00e2teva ore \u0219i va include discursuri in\u021belepte de la Oprah, dar \u0219i de la&nbsp;<strong>Garner, Simone Biles, Awkwafina \u0219i Lil Nas X.<\/strong><\/p>\n\n\n\n<p class=\"wp-block-paragraph\">Cyrus va interpreta live hit-ul ei din 2009 &#8211; \u201eThe Climb\u201d, melodie care vorbe\u0219te despre curaj \u0219i perseveren\u021b\u0103 \u00een momente grele.<\/p>\n\n\n\n<figure class=\"wp-block-embed-youtube wp-block-embed is-type-video is-provider-youtube wp-embed-aspect-16-9 wp-has-aspect-ratio\"><div class=\"wp-block-embed__wrapper\">\n<iframe title=\"Miley Cyrus Closes The Tonight Show with &quot;The Climb&quot;\" width=\"1140\" height=\"641\" src=\"https:\/\/www.youtube.com\/embed\/agyTn10mW74?feature=oembed\" frameborder=\"0\" allow=\"accelerometer; autoplay; clipboard-write; encrypted-media; gyroscope; picture-in-picture; web-share\" allowfullscreen><\/iframe>\n<\/div><\/figure>\n\n\n\n<p class=\"wp-block-paragraph\"><a href=\"https:\/\/www.unsitedemuzica.ro\/stiri\/Graduation2020-Oprah-Winfrey-si-Miley-Cyrus-ajuta-elevii-sa-si-celebreze-absolvirea-liceului-pe-Facebook-p9865\">UN SITE DE MUZICA<\/a><\/p>\n","protected":false},"excerpt":{"rendered":"<p>La nivel mondial, pandemia a determinat foarte multe \u021b\u0103ri s\u0103 \u00eenchid\u0103 \u0219colile, iar asta \u00eenseamn\u0103 c\u0103 to\u021bi elevii de a 12-a nu vor putea s\u0103 celebreze terminarea liceului, printr-un bal sau o festivitate de absolvire, a\u0219a cum se f\u0103cea p\u00e2n\u0103 acum. Pentru c\u0103, vrem nu vrem, tr\u0103im \u00eentr-o er\u0103 online, Facebook vrea s\u0103 fac\u0103 ceva [&hellip;]<\/p>\n","protected":false},"author":1,"featured_media":2141,"comment_status":"closed","ping_status":"closed","sticky":false,"template":"","format":"standard","meta":{"_crdt_document":"","footnotes":""},"categories":[3],"tags":[],"class_list":["post-2594","post","type-post","status-publish","format-standard","has-post-thumbnail","hentry","category-stars"],"_links":{"self":[{"href":"https:\/\/news-fm.ro\/index.php\/wp-json\/wp\/v2\/posts\/2594","targetHints":{"allow":["GET"]}}],"collection":[{"href":"https:\/\/news-fm.ro\/index.php\/wp-json\/wp\/v2\/posts"}],"about":[{"href":"https:\/\/news-fm.ro\/index.php\/wp-json\/wp\/v2\/types\/post"}],"author":[{"embeddable":true,"href":"https:\/\/news-fm.ro\/index.php\/wp-json\/wp\/v2\/users\/1"}],"replies":[{"embeddable":true,"href":"https:\/\/news-fm.ro\/index.php\/wp-json\/wp\/v2\/comments?post=2594"}],"version-history":[{"count":0,"href":"https:\/\/news-fm.ro\/index.php\/wp-json\/wp\/v2\/posts\/2594\/revisions"}],"wp:featuredmedia":[{"embeddable":true,"href":"https:\/\/news-fm.ro\/index.php\/wp-json\/wp\/v2\/media\/2141"}],"wp:attachment":[{"href":"https:\/\/news-fm.ro\/index.php\/wp-json\/wp\/v2\/media?parent=2594"}],"wp:term":[{"taxonomy":"category","embeddable":true,"href":"https:\/\/news-fm.ro\/index.php\/wp-json\/wp\/v2\/categories?post=2594"},{"taxonomy":"post_tag","embeddable":true,"href":"https:\/\/news-fm.ro\/index.php\/wp-json\/wp\/v2\/tags?post=2594"}],"curies":[{"name":"wp","href":"https:\/\/api.w.org\/{rel}","templated":true}]}}