{"id":2592,"date":"2020-04-30T04:18:20","date_gmt":"2020-04-30T04:18:20","guid":{"rendered":"http:\/\/news-fm.ro\/?p=2592"},"modified":"2020-04-30T04:18:24","modified_gmt":"2020-04-30T04:18:24","slug":"video-irina-rimes-lanseaza-clipul-baiatul-meu-frumos","status":"publish","type":"post","link":"https:\/\/news-fm.ro\/index.php\/2020\/04\/30\/video-irina-rimes-lanseaza-clipul-baiatul-meu-frumos\/","title":{"rendered":"VIDEO: Irina Rimes lanseaz\u0103 clipul &#8220;B\u0103iatul meu frumos&#8221;"},"content":{"rendered":"\n<figure class=\"wp-block-image size-large\"><img decoding=\"async\" src=\"https:\/\/news-fm.ro\/wp-content\/uploads\/2019\/02\/Irina_rimes_main-1-659x400.jpg\" alt=\"\" class=\"wp-image-1187\"\/><\/figure>\n\n\n\n<p class=\"wp-block-paragraph\">Irina Rimes lanseaz\u0103\u00a0&#8220;B\u0103iatul meu frumos&#8221;, o nou\u0103 pies\u0103 sensibil\u0103, al c\u0103rei clip a fost realizat din momente emo\u021bionante din cadrul turneului COSMOS.\u00a0Piesa este despre cei care tr\u0103iesc aceea\u0219i pasiune ca artista \u0219i simt fiecare vibra\u021bie din concertele ei \u0219i-i este dedicat\u0103 omului care \u0219i-a pus amprenta asupra Irinei \u0219i a universului ei.<\/p>\n\n\n\n<h4 class=\"wp-block-heading\"><strong>Pies\u0103 dedicat\u0103&nbsp;unei foste iubiri<\/strong><\/h4>\n\n\n\n<blockquote class=\"wp-block-quote is-layout-flow wp-block-quote-is-layout-flow\"><p><strong>Am avut parte pe scen\u0103 de cele mai str\u0103lucite momente din via\u021ba mea de p\u00e2n\u0103 acum al\u0103turi de oamenii care mi-au devenit fra\u021bi \u0219i surori. Scena este locul unde nu avem alt\u0103 credin\u021b\u0103 dec\u00e2t MUZICA, respiram \u0219i tr\u0103im din tot ceea ce cre\u0103m \u00eempreun\u0103 \u0219i asta ne une\u0219te. Videoclipul piesei &#8220;B\u0103iatul meu frumos&#8221; aduce omagiu oamenilor cu care \u00eemp\u0103rt\u0103\u0219esc aceea\u0219i pasiune pe aceea\u0219i scena cu mine. &#8220;B\u0103iatul meu frumos&#8221; este dedicat\u0103 omului care m-a re\u00eenviat, care a fost un \u00eentreg moment al vie\u021bii mele \u0219i in jurul c\u0103ruia mi s-a \u00eenv\u00e2rtit universul pana c\u00e2nd a ajuns la ceea ce este acum. Vreau sa \u00eei mul\u021bumesc acestui om, acestei iubiri, care m-a \u00eenfiin\u021bat \u0219i desfiin\u021bat ca sa ajung la esen\u021ba sentimentului de dragoste pentru muzic\u0103.\u00a0Vreau sa urm\u0103ri\u021bi acest videoclip \u0219i s\u0103 sim\u021bi\u021bi ce sim\u021bim noi atunci c\u00e2nd suntem pe scen\u0103. Vreau sa sim\u021bi\u021bi ce simt \u0219i eu atunci c\u00e2nd c\u00e2nt al\u0103turi de ei<\/strong>,<\/p><cite>a declarat Irina Rimes.\u00a0Piesa a fost compus\u0103 de Irina Rimes &#8211; text \u0219i linie melodic\u0103, Damian Rusu &#8211; \u00a0produc\u021bie, Andi B\u0103nic\u0103 &#8211; backing vocal.<\/cite><\/blockquote>\n\n\n\n<h4 class=\"wp-block-heading\"><strong>D\u0103-i play:<\/strong><\/h4>\n\n\n\n<figure class=\"wp-block-embed-youtube wp-block-embed is-type-video is-provider-youtube wp-embed-aspect-16-9 wp-has-aspect-ratio\"><div class=\"wp-block-embed__wrapper\">\n<iframe title=\"Irina Rimes - Baiatul Meu Frumos | Official Tour Video\" width=\"1140\" height=\"641\" src=\"https:\/\/www.youtube.com\/embed\/4SafPb1yKLo?feature=oembed\" frameborder=\"0\" allow=\"accelerometer; autoplay; clipboard-write; encrypted-media; gyroscope; picture-in-picture; web-share\" allowfullscreen><\/iframe>\n<\/div><\/figure>\n\n\n\n<p class=\"wp-block-paragraph\"><a href=\"https:\/\/www.unsitedemuzica.ro\/stiri\/VIDEO-Irina-Rimes-lanseaza-clipulBaiatul-meu-frumos-realizat-din-momente-din-cadrul-turneului-COSMOS-p9854\">un site de muzica<\/a><\/p>\n","protected":false},"excerpt":{"rendered":"<p>Irina Rimes lanseaz\u0103\u00a0&#8220;B\u0103iatul meu frumos&#8221;, o nou\u0103 pies\u0103 sensibil\u0103, al c\u0103rei clip a fost realizat din momente emo\u021bionante din cadrul turneului COSMOS.\u00a0Piesa este despre cei care tr\u0103iesc aceea\u0219i pasiune ca artista \u0219i simt fiecare vibra\u021bie din concertele ei \u0219i-i este dedicat\u0103 omului care \u0219i-a pus amprenta asupra Irinei \u0219i a universului ei. Pies\u0103 dedicat\u0103&nbsp;unei foste [&hellip;]<\/p>\n","protected":false},"author":1,"featured_media":0,"comment_status":"closed","ping_status":"closed","sticky":false,"template":"","format":"standard","meta":{"_crdt_document":"","footnotes":""},"categories":[4,3],"tags":[],"class_list":["post-2592","post","type-post","status-publish","format-standard","hentry","category-noutati","category-stars"],"_links":{"self":[{"href":"https:\/\/news-fm.ro\/index.php\/wp-json\/wp\/v2\/posts\/2592","targetHints":{"allow":["GET"]}}],"collection":[{"href":"https:\/\/news-fm.ro\/index.php\/wp-json\/wp\/v2\/posts"}],"about":[{"href":"https:\/\/news-fm.ro\/index.php\/wp-json\/wp\/v2\/types\/post"}],"author":[{"embeddable":true,"href":"https:\/\/news-fm.ro\/index.php\/wp-json\/wp\/v2\/users\/1"}],"replies":[{"embeddable":true,"href":"https:\/\/news-fm.ro\/index.php\/wp-json\/wp\/v2\/comments?post=2592"}],"version-history":[{"count":0,"href":"https:\/\/news-fm.ro\/index.php\/wp-json\/wp\/v2\/posts\/2592\/revisions"}],"wp:attachment":[{"href":"https:\/\/news-fm.ro\/index.php\/wp-json\/wp\/v2\/media?parent=2592"}],"wp:term":[{"taxonomy":"category","embeddable":true,"href":"https:\/\/news-fm.ro\/index.php\/wp-json\/wp\/v2\/categories?post=2592"},{"taxonomy":"post_tag","embeddable":true,"href":"https:\/\/news-fm.ro\/index.php\/wp-json\/wp\/v2\/tags?post=2592"}],"curies":[{"name":"wp","href":"https:\/\/api.w.org\/{rel}","templated":true}]}}