{"id":2589,"date":"2020-04-29T04:46:36","date_gmt":"2020-04-29T04:46:36","guid":{"rendered":"http:\/\/news-fm.ro\/?p=2589"},"modified":"2020-04-29T04:46:39","modified_gmt":"2020-04-29T04:46:39","slug":"tudor-chirila-vorbeste-despre-viata-lui-in-izolare-si-societatea-romaneasca","status":"publish","type":"post","link":"https:\/\/news-fm.ro\/index.php\/2020\/04\/29\/tudor-chirila-vorbeste-despre-viata-lui-in-izolare-si-societatea-romaneasca\/","title":{"rendered":"Tudor Chiril\u0103 vorbe\u015fte despre via\u0163a lui \u00een izolare \u015fi societatea rom\u00e2neasc\u0103"},"content":{"rendered":"\n<figure class=\"wp-block-image size-large\"><img decoding=\"async\" src=\"https:\/\/news-fm.ro\/wp-content\/uploads\/2020\/04\/chirilaaaa.png\" alt=\"\" class=\"wp-image-2590\"\/><\/figure>\n\n\n\n<p class=\"wp-block-paragraph\">Mesajul acestei melodii este unul simplu &#8211; nu putem s\u0103 rezolv\u0103m nimic singuri \u0219i avem nevoie de solidaritate, cu at\u00e2t mai mult \u00een aceste vremuri pe care le tr\u0103im.<\/p>\n\n\n\n<p class=\"wp-block-paragraph\">Artistul \u0219i-a creat \u0219i un newsletter (<a rel=\"noreferrer noopener\" href=\"https:\/\/www.facebook.com\/TudorChirilaOfficial\/app\/100265896690345\/?ref=page_internal\" target=\"_blank\">la care te po\u021bi abona aici<\/a>), unde le scrie fanilor g\u00e2nduri care-i mai trec prin mine. Ultima \u201escrisoare\u201d virtual\u0103 este despre via\u021ba \u00een izolare, mesajul c\u00e2ntecului abia lansat, dar \u0219i despre societatea noastr\u0103.<\/p>\n\n\n\n<blockquote class=\"wp-block-quote is-layout-flow wp-block-quote-is-layout-flow\"><p><strong><em>A\u015fa am ajuns s\u0103 nu ne pese de lucrurile pe care ar trebui s\u0103 le avem \u00een comun. A\u015fa am ajuns s\u0103 parc\u0103m pe trecerile de pietoni, pe trotuare, f\u0103r\u0103 s\u0103 l\u0103s\u0103m spa\u0163ii pentru c\u00e2te un c\u0103rucior, a\u015fa am ajuns s\u0103 st\u0103m cu m\u00e2na \u00eentins\u0103 pe geam, palm\u00e2nd cinci lei la intrarea \u00een spitale, pentru ca ulterior s\u0103 scoatem plicul \u015fi, cu non\u015falan\u0163\u0103 sau dexteritate, s\u0103-l l\u0103s\u0103m pe mas\u0103 sau s\u0103-l \u00eenfund\u0103m \u00eentr-un buzunar, dup\u0103 caz.<\/em><\/strong><\/p><p><strong><em>A\u015fa am ajuns s\u0103 contribuim la fondul clasei cu sume mari ca s\u0103 nu r\u0103m\u00e2n\u0103 odrasla f\u0103r\u0103 educa\u0163ia unei \u00eenv\u0103\u0163\u0103toare care confund\u0103 ministerul cu p\u0103rin\u0163ii pentru c\u0103 e mai confortabil a\u015fa. Tot a\u015fa am ajuns s\u0103 t\u0103cem \u00een fa\u0163a abuzurilor sau s\u0103 ne uit\u0103m \u00een alt\u0103 parte pentru c\u0103 am fost \u00eenv\u0103\u0163a\u0163i c\u0103 e mai productiv s\u0103 ne vedem de treaba noastr\u0103.<\/em><\/strong><\/p><p><strong><em>Nu-i treaba mea este sloganul de \u0163ar\u0103 al Rom\u00e2niei, iar dac\u0103 e ceva de \u00eenv\u0103\u0163at din pandemia asta, e c\u0103 propozi\u0163ia asta, nu e treaba mea, e un e\u015fec. Poate pe vremea fanario\u0163ilor a avut oarecare sens, a fost expresia unei forme de supravie\u0163uire, dar \u00een 2020 ea ne pune \u00een fa\u0163a unui adev\u0103r de necontestat.<\/em><\/strong><\/p><p><strong><em>Orice sistem politic va profita de lipsa de solidaritate a cet\u0103\u0163enilor \u015fi de lipsa lor de educa\u0163ie civic\u0103. Egoismul social e falimentar. Po\u0163i fi capitalist \u015fi te po\u0163i preocupa de ce se \u00eent\u00e2mpl\u0103 \u00een jurul t\u0103u. Exist\u0103 societ\u0103\u0163i care demonstreaz\u0103 asta.<\/em><\/strong><\/p><p><strong><em>Tare mi-e fric\u0103 \u00eens\u0103 c\u0103 vom ie\u015fi din aceast\u0103 pandemie f\u0103r\u0103 nicio lec\u0163ie \u00eenv\u0103\u0163at\u0103, gata s-o lu\u0103m de la cap\u0103t de unde am r\u0103mas, chiar dac\u0103 lumea nu va mai fi la fel. Dar dac\u0103 m\u0103car ne vom g\u00e2ndi un pic la ideea de solidaritate \u015fi aten\u0163ie social\u0103, dac\u0103 vom face efortul s\u0103 parc\u0103m nu unde avem treab\u0103, ci unde se poate fa\u0163\u0103 de locul unde avem treab\u0103 cu riscul uria\u015f de a merge 500 de metri pe jos poate mai avem o \u015fans\u0103 ca societate<\/em><\/strong><\/p><cite>noteaz\u0103 Tudor.<\/cite><\/blockquote>\n\n\n\n<figure class=\"wp-block-embed-youtube wp-block-embed is-type-video is-provider-youtube wp-embed-aspect-16-9 wp-has-aspect-ratio\"><div class=\"wp-block-embed__wrapper\">\n<iframe title=\"Tudor Chiril\u0103 - E \u0219i treaba mea\" width=\"1140\" height=\"641\" src=\"https:\/\/www.youtube.com\/embed\/f2d-DgnDCa0?feature=oembed\" frameborder=\"0\" allow=\"accelerometer; autoplay; clipboard-write; encrypted-media; gyroscope; picture-in-picture; web-share\" allowfullscreen><\/iframe>\n<\/div><\/figure>\n\n\n\n<p class=\"wp-block-paragraph\"><strong>C\u00e2t despre perioada lui de izolare, Chiril\u0103 scrie:<\/strong><em>\u00a0<\/em><\/p>\n\n\n\n<blockquote class=\"wp-block-quote is-layout-flow wp-block-quote-is-layout-flow\"><p><strong>P\u00e2n\u0103 la urm\u0103 e o situa\u0163ie f\u0103r\u0103 precedent care ne \u0163ine \u00een case de mai bine de o lun\u0103. Nu e u\u015for. Paradoxal, nu am sim\u0163it nevoia s\u0103 m\u0103 conectez cu lumea.<\/strong><\/p><p><strong>Conturile mele de social media nu sunt foarte active, nu simt nevoia s\u0103 ofer lumii con\u0163inut de apartament, nici s\u0103 mimez o stare de gra\u0163ie de parc\u0103 tot ce-mi lipsea \u00een via\u0163\u0103 era arestul la domiciliu.<\/strong><\/p><p><strong>\u00cen actorie ni se spune mereu s\u0103 folosim starea zero c\u00e2nd lucr\u0103m la un personaj \u015fi c\u00e2nd interac\u0163ion\u0103m cu colegii. Ca s\u0103 descoperim mecanica rela\u0163iei.<\/strong><\/p><p><strong>Adic\u0103 s\u0103 venim \u00een scen\u0103 f\u0103r\u0103 prejudec\u0103\u0163i, f\u0103r\u0103 bagaj, f\u0103r\u0103 g\u00e2nduri preambalate despre cum ar trebui s\u0103 fie rolul\/personajul. Starea zero e un soi de gol de tine, te gole\u015fti ca s\u0103 po\u0163i \u00eencasa de la partener \u015fi s\u0103 po\u0163i cl\u0103di pe un teren viran. A\u015fa \u015fi cu perioada asta f\u0103r\u0103 precedent. Nu \u0163in s\u0103 ar\u0103t lumii nimic.<\/strong><\/p><p><strong>Mi-a fost greu \u015fi s\u0103-i \u00eencurajez pe al\u0163ii c\u0103, na, \u015fi eu am nevoie de \u00eencurajare. Nu am sim\u0163it nevoia s\u0103-mi sun prietenii, \u015fpri\u0163urile pe Skype sau Zoom mi se par oribile, o c\u0103l\u0103torie cu c\u0103ru\u0163a pe un drum desfundat.<\/strong><\/p><p><strong>E adev\u0103rat c\u0103 universul casei mele este vesel \u015fi asta nu mi se datoreaz\u0103 mie. Nu prea am timp s\u0103 filosofez asupra contextului pentru c\u0103 am multe lucruri de f\u0103cut. Am trei joburi o dat\u0103. \u00cen cas\u0103 la mine, da. \u015etiu c\u0103 mul\u0163i sunte\u0163i familiari cu situa\u0163ia.<\/strong><\/p><p><strong>Mai e \u015fi chestia asta c\u0103 eu sunt de mod\u0103 veche \u015fi nu cred c\u0103 familia sau casa tre&#8217; s\u0103 devin\u0103 neap\u0103rat o surs\u0103 de con\u0163inut pe re\u0163elele sociale. Cu toate astea, \u00eenv\u0103\u0163 din experien\u0163a asta \u015fi dac\u0103 nu vreau. Cred c\u0103 primul lucru pe care l-am \u00eenv\u0103\u0163at \u00een raport cu meseriile mele este c\u0103 experien\u0163a direct\u0103, nemijlocit\u0103, \u00eentre artist \u015fi spectator nu poate fi \u00eenlocuit\u0103 prea cur\u00e2nd.<\/strong><\/p><p><strong>Oric\u00e2t am visa la inteligen\u0163a artificial\u0103 ca \u00eenlocuitor al tuturor lucrurilor cred c\u0103 va mai dura p\u00e2n\u0103 c\u00e2nd se va fabrica aur\u0103. Un om intr\u0103 \u00eentr-o camer\u0103 \u015fi aduce cu sine umbra. Se las\u0103 t\u0103cerea, este o energie ciudat\u0103, ceilal\u0163i o simt. C\u0103r\u0103m cu noi energie, vrem sau nu, \u015fi cred c\u0103 nic\u0103ieri nu se poate sim\u0163i asta mai bine dec\u00e2t \u00een teatru.<\/strong><\/p><p><strong>Teatrul este viu pentru c\u0103 publicul se schimb\u0103, nicio sear\u0103 nu seam\u0103n\u0103 cu alta, iar s\u0103lile pline dau aripi actorilor. La fel cum exist\u0103 s\u0103li pline cu energie ciudat\u0103. Jocul \u0103sta al schimburilor de aur\u0103 nu poate fi \u00eenc\u0103 replicat. (&#8230;) \u00cen izolare am mai \u00eenv\u0103\u0163at c\u00e2t de bine e s\u0103 \u00eenve\u0163i. Sunt recunosc\u0103tor c\u0103 am ajuns b\u0103rbat \u00een toat\u0103 firea \u015fi pofta asta nu m-a p\u0103r\u0103sit. (&#8230;)<\/strong><\/p><\/blockquote>\n\n\n\n<p class=\"wp-block-paragraph\"><a href=\"https:\/\/www.unsitedemuzica.ro\/stiri\/Tudor-Chirila-vorbeste-despre-viata-lui-in-izolare-si-societatea-romaneasca-p9845\">UN SITE DE MUZICA<\/a><\/p>\n","protected":false},"excerpt":{"rendered":"<p>Mesajul acestei melodii este unul simplu &#8211; nu putem s\u0103 rezolv\u0103m nimic singuri \u0219i avem nevoie de solidaritate, cu at\u00e2t mai mult \u00een aceste vremuri pe care le tr\u0103im. Artistul \u0219i-a creat \u0219i un newsletter (la care te po\u021bi abona aici), unde le scrie fanilor g\u00e2nduri care-i mai trec prin mine. Ultima \u201escrisoare\u201d virtual\u0103 este [&hellip;]<\/p>\n","protected":false},"author":1,"featured_media":0,"comment_status":"closed","ping_status":"closed","sticky":false,"template":"","format":"standard","meta":{"_crdt_document":"","footnotes":""},"categories":[3],"tags":[],"class_list":["post-2589","post","type-post","status-publish","format-standard","hentry","category-stars"],"_links":{"self":[{"href":"https:\/\/news-fm.ro\/index.php\/wp-json\/wp\/v2\/posts\/2589","targetHints":{"allow":["GET"]}}],"collection":[{"href":"https:\/\/news-fm.ro\/index.php\/wp-json\/wp\/v2\/posts"}],"about":[{"href":"https:\/\/news-fm.ro\/index.php\/wp-json\/wp\/v2\/types\/post"}],"author":[{"embeddable":true,"href":"https:\/\/news-fm.ro\/index.php\/wp-json\/wp\/v2\/users\/1"}],"replies":[{"embeddable":true,"href":"https:\/\/news-fm.ro\/index.php\/wp-json\/wp\/v2\/comments?post=2589"}],"version-history":[{"count":0,"href":"https:\/\/news-fm.ro\/index.php\/wp-json\/wp\/v2\/posts\/2589\/revisions"}],"wp:attachment":[{"href":"https:\/\/news-fm.ro\/index.php\/wp-json\/wp\/v2\/media?parent=2589"}],"wp:term":[{"taxonomy":"category","embeddable":true,"href":"https:\/\/news-fm.ro\/index.php\/wp-json\/wp\/v2\/categories?post=2589"},{"taxonomy":"post_tag","embeddable":true,"href":"https:\/\/news-fm.ro\/index.php\/wp-json\/wp\/v2\/tags?post=2589"}],"curies":[{"name":"wp","href":"https:\/\/api.w.org\/{rel}","templated":true}]}}