{"id":2577,"date":"2020-04-29T04:17:36","date_gmt":"2020-04-29T04:17:36","guid":{"rendered":"http:\/\/news-fm.ro\/?p=2577"},"modified":"2020-04-29T04:17:40","modified_gmt":"2020-04-29T04:17:40","slug":"de-1-mai-nu-mergem-la-mare-dar-facem-un-gest-de-generozitate-ca-sa-ne-uitam-la-festivalul-givingtuesdaynow","status":"publish","type":"post","link":"https:\/\/news-fm.ro\/index.php\/2020\/04\/29\/de-1-mai-nu-mergem-la-mare-dar-facem-un-gest-de-generozitate-ca-sa-ne-uitam-la-festivalul-givingtuesdaynow\/","title":{"rendered":"De 1 mai nu mergem la mare, dar facem un gest de generozitate ca s\u0103 ne uit\u0103m la Festivalul GivingTuesdayNow"},"content":{"rendered":"\n<figure class=\"wp-block-image size-large\"><img decoding=\"async\" src=\"https:\/\/news-fm.ro\/wp-content\/uploads\/2020\/04\/1mai-1024x576.jpg\" alt=\"\" class=\"wp-image-2578\"\/><\/figure>\n\n\n\n<p class=\"wp-block-paragraph\">GivingTuesday este o mi\u0219care global\u0103 dedicat\u0103 generozit\u0103\u021bii care \u00eencurajeaz\u0103 oamenii, organiza\u021biile neguvernamentale, institu\u021biile \u0219i companiile s\u0103 ajute la transformarea comunit\u0103\u021bilor din care fac parte \u0219i a lumii.<\/p>\n\n\n\n<p class=\"wp-block-paragraph\">De\u0219i GivingTuesday 2020 se \u00eent\u00e2mpl\u0103 pe 1 decembrie, anul acesta generozitatea este mai important\u0103 ca oric\u00e2nd, iar ca r\u0103spuns la criza f\u0103r\u0103 precedent creat\u0103 de COVID-19, pe 5 mai, are loc o edi\u021bie special\u0103 GivingTuesdayNow, \u00een peste 65 de \u021b\u0103ri din \u00eentreaga lume.<br><br>Rom\u00e2nia se al\u0103tur\u0103 acestei ini\u021biative \u0219i invit\u0103 oamenii de bine s\u0103 pun\u0103 inim\u0103 \u0219i s\u0103 fac\u0103 parte din aceast\u0103 mi\u0219care global\u0103, dar nu oricum, ci printr-un festival al generozit\u0103\u021bii &#8211;&nbsp;<a href=\"https:\/\/www.facebook.com\/events\/1531904090311395\/\">GivingTuesday Now la mare.<\/a><\/p>\n\n\n\n<p class=\"wp-block-paragraph\">L\u00e1szl\u00f3 Bodor, Cofondator al Asocia\u021biei Envision \u0219i ini\u021biator al mi\u0219c\u0103rii #givingtuesday \u00een Rom\u00e2nia, spune c\u0103 <strong>\u201epentru rom\u00e2ni, ziua de 5 mai nu are o semnifica\u021bie deosebit\u0103, \u00een schimb 1 mai este o dat\u0103 simbolic\u0103, pe care foarte mul\u021bi dintre noi o s\u0103rb\u0103toreau pe plaj\u0103. Anul acesta, suntem izola\u021bi la domiciliu \u0219i nu putem fugi la mare, a\u0219a c\u0103 folosim aceast\u0103 oportunitate pentru a le da o alternativ\u0103 oamenilor de a vizita marea #st\u00e2ndacas\u0103, fiind mai buni \u0219i mai genero\u0219i.\u201d\u00a0<\/strong><\/p>\n\n\n\n<h4 class=\"wp-block-heading\"><strong>Ce trupe c\u00e2nt\u0103 la&nbsp;GivingTuesdayNow<\/strong><\/h4>\n\n\n\n<p class=\"wp-block-paragraph\">Festivalul GivingTuesdayNow se va desf\u0103\u0219ura online, pe Facebook, \u00eentre 1 \u0219i 5 mai, cu mesajul&nbsp;<em><strong>\u201eDe 1 mai, hai la mare! La marea generozitate\u201d.<\/strong><\/em><\/p>\n\n\n\n<p class=\"wp-block-paragraph\">Evenimentul va debuta vineri, 1 mai, cu un live de pe plaj\u0103 \u0219i se va \u00eencheia pe 5 mai cu un concert online sus\u021binut de 6 arti\u0219tii din Rom\u00e2nia:\u00a0<strong>Dan Byron, Lucia, Teodora Moro\u0219anu, solista de la Rockabella, Radu Osaciuc de la Dimitri`s Bats, Doru Pu\u0219ca\u0219u de la Om la Lun\u0103 \u0219i C\u0103t\u0103lin Milea.\u00a0<\/strong><\/p>\n\n\n\n<p class=\"wp-block-paragraph\">\u00cen tot acest timp, oamenii de bine vor fi invita\u021bi \u00een evenimentul de pe Facebook s\u0103 vorbeasc\u0103 despre gesturile lor de generozitate \u0219i s\u0103 \u00eencurajeze lumea s\u0103 se al\u0103ture mi\u0219c\u0103rii.\u00a0<\/p>\n\n\n\n<h4 class=\"wp-block-heading\"><strong>Bilet simbolic pentru&nbsp;GivingTuesdayNow<\/strong><\/h4>\n\n\n\n<p class=\"wp-block-paragraph\">Ca orice festival, accesul GivingTuesdayNow la mare se face cu bilet, care va fi unul simbolic. To\u021bi cei care doresc s\u0103 ia parte la festival vor trebui s\u0103 posteze pe wall-ul evenimentului care este gestul de generozitate pe care vor s\u0103-l fac\u0103 \u00een perioada 1-5 mai.<\/p>\n\n\n\n<p class=\"wp-block-paragraph\">De la o mic\u0103 dona\u021bie \u00een bani c\u0103tre o cauz\u0103 sau cump\u0103r\u0103turi pentru vecinul de la 4, p\u00e2n\u0103 la o dona\u021bie de s\u00e2nge, o pagin\u0103 de str\u00e2ngere de fonduri pe&nbsp;<a href=\"https:\/\/galantom.ro\/\">galantom.ro<\/a>&nbsp;sau o ac\u021biune de voluntariat \u00een cartier. Pe cei care se al\u0103tur\u0103 \u00eei \u00eencuraj\u0103m s\u0103 \u00eemp\u0103rt\u0103\u0219easc\u0103 cu noi poze \u0219i video scurte despre faptele lor de generozitate ca s\u0103 d\u0103m vestea bun\u0103 mai departe.&nbsp;<\/p>\n\n\n\n<h4 class=\"wp-block-heading\"><strong>\u201eSolidaritatea \u0219i bun\u0103tatea ne scot din criz\u0103\u201d<\/strong><\/h4>\n\n\n\n<p class=\"wp-block-paragraph\">\u00cen plus, toate faptele bune vor fi ilustrate de artistul grafic Andrei Pacea, aka\u00a0N\u0103scut de ziua mea, sub form\u0103 de bilet de acces \u0219i vor fi oferite simbolic participan\u021bilor ca dovad\u0103 a implic\u0103rii lor.<\/p>\n\n\n\n<blockquote class=\"wp-block-quote is-layout-flow wp-block-quote-is-layout-flow\"><p><br><strong>Vrem ca prin ilustrarea gesturilor de bine s\u0103 avem la finalul celor 5 zile o hart\u0103 a generozit\u0103\u021bii. Un memento din aceast\u0103 perioad\u0103 grea prin care trecem, dar \u0219i o dovad\u0103 c\u0103 solidaritatea \u0219i bun\u0103tatea, \u00eempreun\u0103 cu respectarea m\u0103surilor de protec\u021bie sunt cele care ne vor scoate din aceast\u0103 criz\u0103<\/strong>, a mai spus L\u00e1szl\u00f3 Bodor.<\/p><\/blockquote>\n\n\n\n<p class=\"wp-block-paragraph\">Detalii\u00a0<a href=\"https:\/\/www.facebook.com\/events\/1531904090311395\/\"><em><strong>aici<\/strong><\/em><\/a>.\u00a0<\/p>\n\n\n\n<p class=\"wp-block-paragraph\"><a href=\"https:\/\/www.unsitedemuzica.ro\/stiri\/De-1-mai-nu-mergem-la-mare-dar-facem-un-gest-de-generozitate-ca-sa-ne-uitam-la-Festivalul-GivingTuesdayNow-p9842\">UN SITE DE MUZICA<\/a><\/p>\n","protected":false},"excerpt":{"rendered":"<p>GivingTuesday este o mi\u0219care global\u0103 dedicat\u0103 generozit\u0103\u021bii care \u00eencurajeaz\u0103 oamenii, organiza\u021biile neguvernamentale, institu\u021biile \u0219i companiile s\u0103 ajute la transformarea comunit\u0103\u021bilor din care fac parte \u0219i a lumii. De\u0219i GivingTuesday 2020 se \u00eent\u00e2mpl\u0103 pe 1 decembrie, anul acesta generozitatea este mai important\u0103 ca oric\u00e2nd, iar ca r\u0103spuns la criza f\u0103r\u0103 precedent creat\u0103 de COVID-19, pe 5 [&hellip;]<\/p>\n","protected":false},"author":1,"featured_media":0,"comment_status":"closed","ping_status":"closed","sticky":false,"template":"","format":"standard","meta":{"_crdt_document":"","footnotes":""},"categories":[4],"tags":[],"class_list":["post-2577","post","type-post","status-publish","format-standard","hentry","category-noutati"],"_links":{"self":[{"href":"https:\/\/news-fm.ro\/index.php\/wp-json\/wp\/v2\/posts\/2577","targetHints":{"allow":["GET"]}}],"collection":[{"href":"https:\/\/news-fm.ro\/index.php\/wp-json\/wp\/v2\/posts"}],"about":[{"href":"https:\/\/news-fm.ro\/index.php\/wp-json\/wp\/v2\/types\/post"}],"author":[{"embeddable":true,"href":"https:\/\/news-fm.ro\/index.php\/wp-json\/wp\/v2\/users\/1"}],"replies":[{"embeddable":true,"href":"https:\/\/news-fm.ro\/index.php\/wp-json\/wp\/v2\/comments?post=2577"}],"version-history":[{"count":0,"href":"https:\/\/news-fm.ro\/index.php\/wp-json\/wp\/v2\/posts\/2577\/revisions"}],"wp:attachment":[{"href":"https:\/\/news-fm.ro\/index.php\/wp-json\/wp\/v2\/media?parent=2577"}],"wp:term":[{"taxonomy":"category","embeddable":true,"href":"https:\/\/news-fm.ro\/index.php\/wp-json\/wp\/v2\/categories?post=2577"},{"taxonomy":"post_tag","embeddable":true,"href":"https:\/\/news-fm.ro\/index.php\/wp-json\/wp\/v2\/tags?post=2577"}],"curies":[{"name":"wp","href":"https:\/\/api.w.org\/{rel}","templated":true}]}}