{"id":2570,"date":"2020-04-28T04:28:12","date_gmt":"2020-04-28T04:28:12","guid":{"rendered":"http:\/\/news-fm.ro\/?p=2570"},"modified":"2020-04-28T04:28:16","modified_gmt":"2020-04-28T04:28:16","slug":"kanye-west-al-doilea-rapper-care-devine-miliardar-in-dolari-dupa-jay-z","status":"publish","type":"post","link":"https:\/\/news-fm.ro\/index.php\/2020\/04\/28\/kanye-west-al-doilea-rapper-care-devine-miliardar-in-dolari-dupa-jay-z\/","title":{"rendered":"Kanye West, al doilea rapper care devine miliardar \u00een dolari, dup\u0103 Jay-Z"},"content":{"rendered":"\n<figure class=\"wp-block-image size-large\"><img decoding=\"async\" src=\"https:\/\/news-fm.ro\/wp-content\/uploads\/2020\/03\/KANYE-WEST-1024x1024.jpg\" alt=\"\" class=\"wp-image-2310\"\/><\/figure>\n\n\n\n<p class=\"wp-block-paragraph\">Averea rapperului\u00a0Kanye West\u00a0a fost reevaluat\u0103 de revista economic\u0103 Forbes, relateaz\u0103\u00a0CNN.<\/p>\n\n\n\n<p class=\"wp-block-paragraph\">Publica\u021bia a reanalizat, la cerere, valoarea propriet\u0103\u0163ilor \u015fi ac\u0163iunilor acestuia, estimat\u0103 acum la&nbsp;<strong>1,3 miliarde de dolari<\/strong>.<\/p>\n\n\n\n<p class=\"wp-block-paragraph\">\u00cen v\u00e2rst\u0103 de 42 de ani,\u00a0Kanye West devine al doilea rapper, dup\u0103 Jay-Z, cu o avere de peste un\u00a0miliard de dolari.<\/p>\n\n\n\n<p class=\"wp-block-paragraph\">De\u015fi este unul dintre arti\u015ftii cel mai bine v\u00e2ndu\u0163i \u00een ultimii\u00a020 de ani, muzica \u00eei ofer\u0103 o mic\u0103 parte din venituri<\/p>\n\n\n\n<p class=\"wp-block-paragraph\">\u00cen schimb,\u00a0Kanye West\u00a0de\u0163ine afaceri \u0219i propriet\u0103\u021bi valoroase.<\/p>\n\n\n\n<p class=\"wp-block-paragraph\">Rapperul\u00a0a spus c\u0103 publica\u0163ia l-a subevaluat, artisul sus\u0163in\u00e2nd c\u0103 are o avere de\u00a0<strong>3,3 miliarde de dolari<\/strong>.<\/p>\n\n\n\n<figure class=\"wp-block-embed-youtube wp-block-embed is-type-video is-provider-youtube wp-embed-aspect-4-3 wp-has-aspect-ratio\"><div class=\"wp-block-embed__wrapper\">\n<iframe title=\"Kanye West - Love Lockdown\" width=\"1140\" height=\"855\" src=\"https:\/\/www.youtube.com\/embed\/HZwMX6T5Jhk?feature=oembed\" frameborder=\"0\" allow=\"accelerometer; autoplay; clipboard-write; encrypted-media; gyroscope; picture-in-picture; web-share\" allowfullscreen><\/iframe>\n<\/div><\/figure>\n\n\n\n<p class=\"wp-block-paragraph\"><a href=\"https:\/\/virginradio.ro\/kanye-west-al-doilea-rapper-care-devine-miliardar-in-euro-dupa-jay-z\/\">VIRGIN RADIO<\/a><\/p>\n","protected":false},"excerpt":{"rendered":"<p>Averea rapperului\u00a0Kanye West\u00a0a fost reevaluat\u0103 de revista economic\u0103 Forbes, relateaz\u0103\u00a0CNN. Publica\u021bia a reanalizat, la cerere, valoarea propriet\u0103\u0163ilor \u015fi ac\u0163iunilor acestuia, estimat\u0103 acum la&nbsp;1,3 miliarde de dolari. \u00cen v\u00e2rst\u0103 de 42 de ani,\u00a0Kanye West devine al doilea rapper, dup\u0103 Jay-Z, cu o avere de peste un\u00a0miliard de dolari. De\u015fi este unul dintre arti\u015ftii cel mai bine [&hellip;]<\/p>\n","protected":false},"author":1,"featured_media":0,"comment_status":"closed","ping_status":"closed","sticky":false,"template":"","format":"standard","meta":{"_crdt_document":"","footnotes":""},"categories":[3],"tags":[],"class_list":["post-2570","post","type-post","status-publish","format-standard","hentry","category-stars"],"_links":{"self":[{"href":"https:\/\/news-fm.ro\/index.php\/wp-json\/wp\/v2\/posts\/2570","targetHints":{"allow":["GET"]}}],"collection":[{"href":"https:\/\/news-fm.ro\/index.php\/wp-json\/wp\/v2\/posts"}],"about":[{"href":"https:\/\/news-fm.ro\/index.php\/wp-json\/wp\/v2\/types\/post"}],"author":[{"embeddable":true,"href":"https:\/\/news-fm.ro\/index.php\/wp-json\/wp\/v2\/users\/1"}],"replies":[{"embeddable":true,"href":"https:\/\/news-fm.ro\/index.php\/wp-json\/wp\/v2\/comments?post=2570"}],"version-history":[{"count":0,"href":"https:\/\/news-fm.ro\/index.php\/wp-json\/wp\/v2\/posts\/2570\/revisions"}],"wp:attachment":[{"href":"https:\/\/news-fm.ro\/index.php\/wp-json\/wp\/v2\/media?parent=2570"}],"wp:term":[{"taxonomy":"category","embeddable":true,"href":"https:\/\/news-fm.ro\/index.php\/wp-json\/wp\/v2\/categories?post=2570"},{"taxonomy":"post_tag","embeddable":true,"href":"https:\/\/news-fm.ro\/index.php\/wp-json\/wp\/v2\/tags?post=2570"}],"curies":[{"name":"wp","href":"https:\/\/api.w.org\/{rel}","templated":true}]}}