{"id":2566,"date":"2020-04-28T04:19:56","date_gmt":"2020-04-28T04:19:56","guid":{"rendered":"http:\/\/news-fm.ro\/?p=2566"},"modified":"2020-04-28T04:19:59","modified_gmt":"2020-04-28T04:19:59","slug":"cati-bani-ar-putea-pierde-orasul-cluj-napoca-daca-untold-si-electric-castle-ar-fi-anulate","status":"publish","type":"post","link":"https:\/\/news-fm.ro\/index.php\/2020\/04\/28\/cati-bani-ar-putea-pierde-orasul-cluj-napoca-daca-untold-si-electric-castle-ar-fi-anulate\/","title":{"rendered":"C\u00e2\u0163i bani ar putea pierde ora\u015ful Cluj-Napoca dac\u0103 UNTOLD \u015fi ELECTRIC CASTLE ar fi anulate"},"content":{"rendered":"\n<figure class=\"wp-block-image size-large\"><img decoding=\"async\" src=\"https:\/\/news-fm.ro\/wp-content\/uploads\/2020\/04\/untold-1.jpg\" alt=\"\" class=\"wp-image-2567\"\/><\/figure>\n\n\n\n<figure class=\"wp-block-image size-large\"><img decoding=\"async\" src=\"https:\/\/news-fm.ro\/wp-content\/uploads\/2020\/04\/el-castle.jpg\" alt=\"\" class=\"wp-image-2568\"\/><\/figure>\n\n\n\n<p class=\"wp-block-paragraph\">Festivalurile din Rom\u00e2nia\u00a0au momentan o soart\u0103 neclar\u0103. Dac\u0103\u00a0SAGA FESTIVAL\u00a0\u0219i-a mutat data de desf\u0103\u0219urare \u00een septembrie, preg\u0103tirile pentru celelalte festivaluri sunt \u00een continuare \u00een desf\u0103\u0219urare.<\/p>\n\n\n\n<p class=\"wp-block-paragraph\">\u00centrebat despre pierderile economice pe care ora\u0219ul le-ar putea suferi din posibila anulare a celor dou\u0103 mari festivaluri din Cluj,&nbsp;<strong>UNTOLD<\/strong>&nbsp;\u0219i&nbsp;<strong>Electric Castle<\/strong>, primarul Boc a spus&nbsp;<strong>c\u0103 se vor pierde cel pu\u0163in 60 de milioane de euro<\/strong>. Numai anul trecut,&nbsp;<strong>UNTOLD<\/strong>&nbsp;a adus un profit de peste&nbsp;<strong>45 de milioane<\/strong>. De pe urma&nbsp;<strong>Electric Castle<\/strong>, jude\u0163ul a c\u00e2\u015ftigat&nbsp;<strong>10 milioane<\/strong>.<\/p>\n\n\n\n<blockquote class=\"wp-block-quote is-layout-flow wp-block-quote-is-layout-flow\"><p><strong>\u201eA fost am\u00e2nat TIFF-ul, iar pentru celelalte evenimente mari se a\u015fteapt\u0103 15 mai. E adev\u0103rat, este pu\u0163in probabil ca evenimente de mare amploare s\u0103 mai aib\u0103 loc av\u00e2nd \u00een vedere restric\u0163iile anun\u0163ate \u015fi prognozate, dar pe de alt\u0103 parte se pot g\u0103si modalit\u0103\u0163i diferite si diverse de organziare \u015fi a acestor evenimente.<\/strong><\/p><p><strong>Dac\u0103 organizatorii vor fi obliga\u0163i s\u0103 anuleze festivalurile, sectorul cultural va trebuie sprijinit de Guvern\u201d<\/strong>, spune primarul\u00a0Emil Boc.<\/p><\/blockquote>\n\n\n\n<p class=\"wp-block-paragraph\"><a href=\"https:\/\/virginradio.ro\/cati-bani-ar-pierde-orasul-cluj-napoca-daca-untold-si-electric-castle-ar-fi-anulate\/\">VIRGIN RADIO<\/a><\/p>\n","protected":false},"excerpt":{"rendered":"<p>Festivalurile din Rom\u00e2nia\u00a0au momentan o soart\u0103 neclar\u0103. Dac\u0103\u00a0SAGA FESTIVAL\u00a0\u0219i-a mutat data de desf\u0103\u0219urare \u00een septembrie, preg\u0103tirile pentru celelalte festivaluri sunt \u00een continuare \u00een desf\u0103\u0219urare. \u00centrebat despre pierderile economice pe care ora\u0219ul le-ar putea suferi din posibila anulare a celor dou\u0103 mari festivaluri din Cluj,&nbsp;UNTOLD&nbsp;\u0219i&nbsp;Electric Castle, primarul Boc a spus&nbsp;c\u0103 se vor pierde cel pu\u0163in 60 [&hellip;]<\/p>\n","protected":false},"author":1,"featured_media":0,"comment_status":"closed","ping_status":"closed","sticky":false,"template":"","format":"standard","meta":{"_crdt_document":"","footnotes":""},"categories":[1],"tags":[],"class_list":["post-2566","post","type-post","status-publish","format-standard","hentry","category-diverse"],"_links":{"self":[{"href":"https:\/\/news-fm.ro\/index.php\/wp-json\/wp\/v2\/posts\/2566","targetHints":{"allow":["GET"]}}],"collection":[{"href":"https:\/\/news-fm.ro\/index.php\/wp-json\/wp\/v2\/posts"}],"about":[{"href":"https:\/\/news-fm.ro\/index.php\/wp-json\/wp\/v2\/types\/post"}],"author":[{"embeddable":true,"href":"https:\/\/news-fm.ro\/index.php\/wp-json\/wp\/v2\/users\/1"}],"replies":[{"embeddable":true,"href":"https:\/\/news-fm.ro\/index.php\/wp-json\/wp\/v2\/comments?post=2566"}],"version-history":[{"count":0,"href":"https:\/\/news-fm.ro\/index.php\/wp-json\/wp\/v2\/posts\/2566\/revisions"}],"wp:attachment":[{"href":"https:\/\/news-fm.ro\/index.php\/wp-json\/wp\/v2\/media?parent=2566"}],"wp:term":[{"taxonomy":"category","embeddable":true,"href":"https:\/\/news-fm.ro\/index.php\/wp-json\/wp\/v2\/categories?post=2566"},{"taxonomy":"post_tag","embeddable":true,"href":"https:\/\/news-fm.ro\/index.php\/wp-json\/wp\/v2\/tags?post=2566"}],"curies":[{"name":"wp","href":"https:\/\/api.w.org\/{rel}","templated":true}]}}