{"id":2564,"date":"2020-04-28T04:11:04","date_gmt":"2020-04-28T04:11:04","guid":{"rendered":"http:\/\/news-fm.ro\/?p=2564"},"modified":"2020-04-28T04:11:07","modified_gmt":"2020-04-28T04:11:07","slug":"videoclip-oficial-feli-ma-striga-mama","status":"publish","type":"post","link":"https:\/\/news-fm.ro\/index.php\/2020\/04\/28\/videoclip-oficial-feli-ma-striga-mama\/","title":{"rendered":"Videoclip oficial: Feli &#8211; M\u0103 strig\u0103 mama"},"content":{"rendered":"\n<figure class=\"wp-block-image size-large\"><img decoding=\"async\" src=\"https:\/\/news-fm.ro\/wp-content\/uploads\/2019\/06\/feli-lanseaza-omule-deschide-ochii-prima-fila-din-jurnalul-ei-muzical-feli-din-poveste_2-1024x634.jpg\" alt=\"\" class=\"wp-image-1516\"\/><\/figure>\n\n\n\n<p class=\"wp-block-paragraph\">Cu muzica scris\u0103 de&nbsp;<strong>Feli<\/strong>&nbsp;\u00eempreun\u0103 cu \u0218erban Cazan, Lucian Nagy, Florin Boka \u0219i Roland Kiss si versurile scrise de Feli \u00eempreun\u0103 cu Vlad Cire\u0219an, &#8220;<strong>M\u0103 strig\u0103 mama<\/strong>&#8221; aduce \u00een zilele noastre lec\u021bia iubirii necondi\u021bionate.<\/p>\n\n\n\n<blockquote class=\"wp-block-quote is-layout-flow wp-block-quote-is-layout-flow\"><p><strong>&#8220;Mi-am imaginat povestea p\u0103rin\u021bilor mei \u0219i s\u0103rut\u0103rile pe care \u0219i le d\u0103deau pe furi\u0219 \u00een spatele salciei de la poarta bunicilor \u0219i pe toate le-am transformat \u00een c\u00e2ntec. S\u0103 alegi dragostea \u00een locul a orice material mi se pare culmea romantismului pentru \u00eendr\u0103gosti\u021bi \u0219i culmea durerii pentru p\u0103rin\u021bii lor\u201d<\/strong>, poveste\u0219te\u00a0<strong>Feli<\/strong>\u00a0despre felia de via\u021b\u0103 pe care o m\u0103rturise\u0219te \u00een &#8220;<strong>M\u0103 strig\u0103 mama<\/strong>&#8220;.<\/p><\/blockquote>\n\n\n\n<h4 class=\"wp-block-heading\">Feli: &#8220;Mi se pare at\u00e2t de frumos cum a \u0219tiut mama s\u0103 \u00eel iubeasc\u0103 pe tata ca pe nimeni altcineva!&#8221;<\/h4>\n\n\n\n<blockquote class=\"wp-block-quote is-layout-flow wp-block-quote-is-layout-flow\"><p><strong>&#8220;Bunica \u0219i bunicul erau cu ochii \u00een patru c\u00e2nd \u0219tiau c\u0103 mama se \u00eent\u00e2lne\u0219te cu tata, care era mare crai, \u0219i ar fi dat averi ca ea s\u0103 aleag\u0103 o variant\u0103 mai sigur\u0103 \u0219i mai potolit\u0103 pentru viitorul ei. Numai c\u0103 ai mei au ales s\u0103 se iubeasc\u0103\u00a0<em>\u201ecu m\u00e2inile \u00een buzunare\u201d,<\/em>\u00a0f\u0103r\u0103 nimic, dar cu inima plin\u0103. Mi se pare at\u00e2t de frumos cum a \u0219tiut mama s\u0103 \u00eel iubeasc\u0103 pe tata ca pe nimeni altcineva!&#8221;<\/strong>, spune\u00a0<strong>Feli.<\/strong><\/p><\/blockquote>\n\n\n\n<p class=\"wp-block-paragraph\">Artist \u0219i songwriter,\u00a0<strong>Feli<\/strong>\u00a0este una dintre cele mai puternice voci din Rom\u00e2nia. \u00cen luna noiembrie a anului 2017, artista a lansat primul ei album, &#8220;Eu sunt Feli&#8221;, \u00een cadrul unui eveniment impresionant, al\u0103turi de peste 150 de invita\u021bi la Teatrul Metropolis \u0219i 180.000 de oameni live pe Facebook. Primul album al artistei con\u021bine 7 piese noi, dar \u0219i piese cunoscute deja publicului, printre care, &#8220;Cine te crezi?&#8221;, &#8220;Creioane colorate&#8221;, &#8220;Timpul&#8221;, &#8220;Va urma&#8221; sau &#8220;Acas\u0103&#8221;.<\/p>\n\n\n\n<figure class=\"wp-block-embed-youtube wp-block-embed is-type-video is-provider-youtube wp-embed-aspect-16-9 wp-has-aspect-ratio\"><div class=\"wp-block-embed__wrapper\">\n<iframe title=\"Feli - Ma striga mama | Official Video\" width=\"1140\" height=\"641\" src=\"https:\/\/www.youtube.com\/embed\/WHDxdftrtb8?feature=oembed\" frameborder=\"0\" allow=\"accelerometer; autoplay; clipboard-write; encrypted-media; gyroscope; picture-in-picture; web-share\" allowfullscreen><\/iframe>\n<\/div><\/figure>\n\n\n\n<p class=\"wp-block-paragraph\"><a href=\"https:\/\/www.infomusic.ro\/videoclip\/feli-ma-striga-mama-videoclip\/\">INFO MUSIC<\/a><\/p>\n","protected":false},"excerpt":{"rendered":"<p>Cu muzica scris\u0103 de&nbsp;Feli&nbsp;\u00eempreun\u0103 cu \u0218erban Cazan, Lucian Nagy, Florin Boka \u0219i Roland Kiss si versurile scrise de Feli \u00eempreun\u0103 cu Vlad Cire\u0219an, &#8220;M\u0103 strig\u0103 mama&#8221; aduce \u00een zilele noastre lec\u021bia iubirii necondi\u021bionate. &#8220;Mi-am imaginat povestea p\u0103rin\u021bilor mei \u0219i s\u0103rut\u0103rile pe care \u0219i le d\u0103deau pe furi\u0219 \u00een spatele salciei de la poarta bunicilor \u0219i [&hellip;]<\/p>\n","protected":false},"author":1,"featured_media":0,"comment_status":"closed","ping_status":"closed","sticky":false,"template":"","format":"standard","meta":{"_crdt_document":"","footnotes":""},"categories":[4,3],"tags":[],"class_list":["post-2564","post","type-post","status-publish","format-standard","hentry","category-noutati","category-stars"],"_links":{"self":[{"href":"https:\/\/news-fm.ro\/index.php\/wp-json\/wp\/v2\/posts\/2564","targetHints":{"allow":["GET"]}}],"collection":[{"href":"https:\/\/news-fm.ro\/index.php\/wp-json\/wp\/v2\/posts"}],"about":[{"href":"https:\/\/news-fm.ro\/index.php\/wp-json\/wp\/v2\/types\/post"}],"author":[{"embeddable":true,"href":"https:\/\/news-fm.ro\/index.php\/wp-json\/wp\/v2\/users\/1"}],"replies":[{"embeddable":true,"href":"https:\/\/news-fm.ro\/index.php\/wp-json\/wp\/v2\/comments?post=2564"}],"version-history":[{"count":0,"href":"https:\/\/news-fm.ro\/index.php\/wp-json\/wp\/v2\/posts\/2564\/revisions"}],"wp:attachment":[{"href":"https:\/\/news-fm.ro\/index.php\/wp-json\/wp\/v2\/media?parent=2564"}],"wp:term":[{"taxonomy":"category","embeddable":true,"href":"https:\/\/news-fm.ro\/index.php\/wp-json\/wp\/v2\/categories?post=2564"},{"taxonomy":"post_tag","embeddable":true,"href":"https:\/\/news-fm.ro\/index.php\/wp-json\/wp\/v2\/tags?post=2564"}],"curies":[{"name":"wp","href":"https:\/\/api.w.org\/{rel}","templated":true}]}}