{"id":2559,"date":"2020-04-27T04:38:06","date_gmt":"2020-04-27T04:38:06","guid":{"rendered":"http:\/\/news-fm.ro\/?p=2559"},"modified":"2020-04-27T04:38:10","modified_gmt":"2020-04-27T04:38:10","slug":"audio-alicia-keys-a-lansat-good-job-un-tribut-pentru-cei-din-linia-intai-in-lupta-cu-coronavirusul","status":"publish","type":"post","link":"https:\/\/news-fm.ro\/index.php\/2020\/04\/27\/audio-alicia-keys-a-lansat-good-job-un-tribut-pentru-cei-din-linia-intai-in-lupta-cu-coronavirusul\/","title":{"rendered":"AUDIO: Alicia Keys a lansat \u201eGood Job\u201d, un tribut pentru cei din linia \u00eent\u00e2i \u00een lupta cu coronavirusul"},"content":{"rendered":"\n<figure class=\"wp-block-image size-large\"><img decoding=\"async\" src=\"https:\/\/news-fm.ro\/wp-content\/uploads\/2020\/03\/alicia-keys.jpg\" alt=\"\" class=\"wp-image-2296\"\/><\/figure>\n\n\n\n<p class=\"wp-block-paragraph\">C\u00e2nt\u0103rea\u0163a american\u0103 Alicia Keys a lansat, vineri, piesa \u201cGood Job\u201d, un tribut adus tuturor celor afla\u0163i \u00een linia \u00eent\u00e2i \u00een lupta cu pandemia de COVID-19.<\/p>\n\n\n\n<p class=\"wp-block-paragraph\">Piesa a fost lansat\u0103 joi la postul TV CNN, \u00een timpul unei emisiuni care a avut ca subiect pandemia.<\/p>\n\n\n\n<p class=\"wp-block-paragraph\">Keys, premiat\u0103 cu 15 Grammy, a declarat pentru CNN c\u0103 piesa a fost compus\u0103 cu multe luni \u00eenainte de izbucnirea pandemiei, fiind dedicat\u0103 eroilor din via\u0163a sa personal\u0103.<\/p>\n\n\n\n<blockquote class=\"wp-block-quote is-layout-flow wp-block-quote-is-layout-flow\"><p><strong>\u201cA fost un c\u00e2ntec at\u00e2t de personal \u015fi de zguduitor. De fiecare dat\u0103 c\u00e2nd \u00eel c\u00e2nt, vreau s\u0103 pl\u00e2ng, pentru c\u0103 m\u0103 g\u00e2ndesc la mama, la bunica, la prieteni care abia reu\u015fesc s\u0103 se descurce\u201d<\/strong>, a spus artista.<\/p><\/blockquote>\n\n\n\n<p class=\"wp-block-paragraph\">Dup\u0103 ce a izbucnit pandemia, s-a g\u00e2ndit c\u0103 piesa este foarte potrivit\u0103 pentru a fi dedicat\u0103 tuturor celor care sunt \u00een linia \u00eent\u00e2i \u00een lupta cu pandemia, de la personalul medical la p\u0103rin\u0163i, profesori, angaja\u0163i ai magazinelor, voluntari.<\/p>\n\n\n\n<p class=\"wp-block-paragraph\">Piesa va fi folosit\u0103 \u00een campania CNN Heroes, o celebrare a oamenilor obi\u015fnui\u0163i deveni\u0163i eroi \u00een timpul pandemiei de COVID-19. De vineri, publicul este invitat s\u0103 distribuie pe platformele CNN imagini cu oameni din comunit\u0103\u0163ile lor care \u00eencearc\u0103 s\u0103 fac\u0103 din lume un loc mai bun, mai s\u0103n\u0103tos, mai sigur.<\/p>\n\n\n\n<figure class=\"wp-block-embed-youtube wp-block-embed is-type-video is-provider-youtube wp-embed-aspect-16-9 wp-has-aspect-ratio\"><div class=\"wp-block-embed__wrapper\">\n<iframe title=\"Alicia Keys - Good Job (Official Audio)\" width=\"1140\" height=\"641\" src=\"https:\/\/www.youtube.com\/embed\/ighFo0i0nrA?feature=oembed\" frameborder=\"0\" allow=\"accelerometer; autoplay; clipboard-write; encrypted-media; gyroscope; picture-in-picture; web-share\" allowfullscreen><\/iframe>\n<\/div><\/figure>\n\n\n\n<p class=\"wp-block-paragraph\"><a href=\"https:\/\/www.europafm.ro\/alicia-keys-a-lansat-good-job-un-tribut-pentru-cei-din-linia-intai-in-lupta-cu-coronavirusul-audio\/\">EUROPA FM<\/a><\/p>\n","protected":false},"excerpt":{"rendered":"<p>C\u00e2nt\u0103rea\u0163a american\u0103 Alicia Keys a lansat, vineri, piesa \u201cGood Job\u201d, un tribut adus tuturor celor afla\u0163i \u00een linia \u00eent\u00e2i \u00een lupta cu pandemia de COVID-19. Piesa a fost lansat\u0103 joi la postul TV CNN, \u00een timpul unei emisiuni care a avut ca subiect pandemia. Keys, premiat\u0103 cu 15 Grammy, a declarat pentru CNN c\u0103 piesa [&hellip;]<\/p>\n","protected":false},"author":1,"featured_media":0,"comment_status":"closed","ping_status":"closed","sticky":false,"template":"","format":"standard","meta":{"_crdt_document":"","footnotes":""},"categories":[4,3],"tags":[],"class_list":["post-2559","post","type-post","status-publish","format-standard","hentry","category-noutati","category-stars"],"_links":{"self":[{"href":"https:\/\/news-fm.ro\/index.php\/wp-json\/wp\/v2\/posts\/2559","targetHints":{"allow":["GET"]}}],"collection":[{"href":"https:\/\/news-fm.ro\/index.php\/wp-json\/wp\/v2\/posts"}],"about":[{"href":"https:\/\/news-fm.ro\/index.php\/wp-json\/wp\/v2\/types\/post"}],"author":[{"embeddable":true,"href":"https:\/\/news-fm.ro\/index.php\/wp-json\/wp\/v2\/users\/1"}],"replies":[{"embeddable":true,"href":"https:\/\/news-fm.ro\/index.php\/wp-json\/wp\/v2\/comments?post=2559"}],"version-history":[{"count":0,"href":"https:\/\/news-fm.ro\/index.php\/wp-json\/wp\/v2\/posts\/2559\/revisions"}],"wp:attachment":[{"href":"https:\/\/news-fm.ro\/index.php\/wp-json\/wp\/v2\/media?parent=2559"}],"wp:term":[{"taxonomy":"category","embeddable":true,"href":"https:\/\/news-fm.ro\/index.php\/wp-json\/wp\/v2\/categories?post=2559"},{"taxonomy":"post_tag","embeddable":true,"href":"https:\/\/news-fm.ro\/index.php\/wp-json\/wp\/v2\/tags?post=2559"}],"curies":[{"name":"wp","href":"https:\/\/api.w.org\/{rel}","templated":true}]}}