{"id":2557,"date":"2020-04-27T04:35:02","date_gmt":"2020-04-27T04:35:02","guid":{"rendered":"http:\/\/news-fm.ro\/?p=2557"},"modified":"2020-04-27T04:35:05","modified_gmt":"2020-04-27T04:35:05","slug":"audio-mark-stam-a-lansat-piesa-privirea-ta","status":"publish","type":"post","link":"https:\/\/news-fm.ro\/index.php\/2020\/04\/27\/audio-mark-stam-a-lansat-piesa-privirea-ta\/","title":{"rendered":"AUDIO: Mark Stam a lansat piesa &#8220;Privirea ta&#8221;"},"content":{"rendered":"\n<figure class=\"wp-block-image size-large\"><img decoding=\"async\" src=\"https:\/\/news-fm.ro\/wp-content\/uploads\/2019\/07\/videoclip-mark-stam-ultima-oara.jpg\" alt=\"\" class=\"wp-image-1583\"\/><\/figure>\n\n\n\n<p class=\"wp-block-paragraph\">Mark Stam \u00eencepe ast\u0103zi lansarea unei serii de 6 piese. \u00cen perioada urm\u0103toare, fanii vor avea ocazie s\u0103-\u0219i voteze preferata, cea care va avea \u0219i un videoclip filmat. Prima pies\u0103 din aceast\u0103 serie este &#8220;Privirea ta&#8221;, o melodie sensibil\u0103, de dragoste, \u00een stilul specific c\u00e2nt\u0103re\u021bului.<\/p>\n\n\n\n<p class=\"wp-block-paragraph\"><strong>&#8220;Privirea ta&#8221;<\/strong>&nbsp;a fost compus\u0103 de Mark Stam \u0219i Quick (muzic\u0103), Mark Stam (versuri) \u0219i produs\u0103 de Quick, iar artwork-ul care o \u00eenso\u021be\u0219te a fost realizat de Chris, poza fiind f\u0103cut\u0103 de Dan Beleiu.<\/p>\n\n\n\n<blockquote class=\"wp-block-quote is-layout-flow wp-block-quote-is-layout-flow\"><p><strong>&#8220;Rar mi se \u00eent\u00e2mpl\u0103 s\u0103 memorez greutatea \u0219i complexitatea unei priviri, istoriile pe care le formeaz\u0103 \u0219i emo\u021biile ce le provoac\u0103. \u00cens\u0103 aceast\u0103 pies\u0103 nu este despre o simpl\u0103 privire, ci despre una care, practic, mi-a impus s\u0103 m\u0103 scufund \u00een ea. Am sim\u021bit-o pe pielea mea, ca un foc s\u0103lbatic, i-am tr\u0103it istoriile de parc\u0103 erau ale mele, totul s-a \u00eent\u00e2mplat \u00eentr-o frac\u021biune de secund\u0103 \u0219i, f\u0103r\u0103 s\u0103-mi dau seama, am devenit \u0219i eu parte din ea. Am \u00eenceput s\u0103 simt \u00een ochii mei povestea ochilor ei&#8221;<\/strong>, a spus\u00a0<strong>Mark Stam<\/strong>.<\/p><\/blockquote>\n\n\n\n<figure class=\"wp-block-embed-youtube wp-block-embed is-type-video is-provider-youtube wp-embed-aspect-16-9 wp-has-aspect-ratio\"><div class=\"wp-block-embed__wrapper\">\n<iframe title=\"Mark Stam - Privirea Ta (Official Audio)\" width=\"1140\" height=\"641\" src=\"https:\/\/www.youtube.com\/embed\/iDc7b3Vm2YU?feature=oembed\" frameborder=\"0\" allow=\"accelerometer; autoplay; clipboard-write; encrypted-media; gyroscope; picture-in-picture; web-share\" allowfullscreen><\/iframe>\n<\/div><\/figure>\n\n\n\n<p class=\"wp-block-paragraph\"><strong>Marius Stamatin<\/strong>&nbsp;(aka. Mark Stam), originar din Republica Moldova, spune c\u0103 \u00ee\u0219i dorea s\u0103 devin\u0103 artist \u00eenc\u0103 din copil\u0103rie, \u00eencep\u00e2nd s\u0103 danseze de la v\u00e2rsta de 3 ani. El este un autodidact \u0219i poveste\u0219te cum a \u00eenv\u0103\u021bat canto \u0219i chitar\u0103 singur, urm\u0103rind canaluri de YouTube. \u00cen anul 2013 a participat la show-ul \u201eMoldova are Talent\u201d \u0219i, dup\u0103 apari\u021bia sa pe YouTube, a fost contactat de Spoiala Brothers cu propunerea de a \u00eencepe un proiect muzical. Luna martie 2017 a marcat lansarea primului s\u0103u single, \u201eA murit iubirea\u201d, urmat de piesa \u00een limba englez\u0103 &#8220;Days are coming&#8221;, \u00een luna iulie a aceluia\u0219i an. Piesele lansate p\u00e2n\u0103 acum se \u00eencadreaz\u0103 \u00een stilul pop, \u00eens\u0103 c\u00e2nt\u0103re\u021bul declar\u0103 c\u0103 el se reg\u0103se\u0219te \u0219i \u00een R&amp;B, soul \u0219i folk. \u00cen prezent el produce \u0219i scrie muzic\u0103.<\/p>\n\n\n\n<p class=\"wp-block-paragraph\"><strong>Mark Stam<\/strong>\u00a0a atras aten\u021bia publicului din Romania cu piesa\u00a0\u201cDoar Noi\u201d\u00a0\u00een colaborare cu Alina Eremia. Aceasta a fost scris\u0103 \u0219i produs\u0103 de Mark \u0219i este inspirat\u0103 din propriile sale tr\u0103iri \u0219i experien\u021be. Mai mult dec\u00e2t at\u00e2t, melodia a fost prezent\u0103 \u00een top 10 radio \u0219i tv \u0219i a cumulat 16 milioane de vizualiz\u0103ri.<\/p>\n\n\n\n<p class=\"wp-block-paragraph\"><a href=\"https:\/\/www.infomusic.ro\/2020\/04\/mark-stam-a-lansat-piesa-privirea-ta-audio\/\">INFO MUSIC<\/a><\/p>\n","protected":false},"excerpt":{"rendered":"<p>Mark Stam \u00eencepe ast\u0103zi lansarea unei serii de 6 piese. \u00cen perioada urm\u0103toare, fanii vor avea ocazie s\u0103-\u0219i voteze preferata, cea care va avea \u0219i un videoclip filmat. Prima pies\u0103 din aceast\u0103 serie este &#8220;Privirea ta&#8221;, o melodie sensibil\u0103, de dragoste, \u00een stilul specific c\u00e2nt\u0103re\u021bului. &#8220;Privirea ta&#8221;&nbsp;a fost compus\u0103 de Mark Stam \u0219i Quick (muzic\u0103), [&hellip;]<\/p>\n","protected":false},"author":1,"featured_media":0,"comment_status":"closed","ping_status":"closed","sticky":false,"template":"","format":"standard","meta":{"_crdt_document":"","footnotes":""},"categories":[4,3],"tags":[],"class_list":["post-2557","post","type-post","status-publish","format-standard","hentry","category-noutati","category-stars"],"_links":{"self":[{"href":"https:\/\/news-fm.ro\/index.php\/wp-json\/wp\/v2\/posts\/2557","targetHints":{"allow":["GET"]}}],"collection":[{"href":"https:\/\/news-fm.ro\/index.php\/wp-json\/wp\/v2\/posts"}],"about":[{"href":"https:\/\/news-fm.ro\/index.php\/wp-json\/wp\/v2\/types\/post"}],"author":[{"embeddable":true,"href":"https:\/\/news-fm.ro\/index.php\/wp-json\/wp\/v2\/users\/1"}],"replies":[{"embeddable":true,"href":"https:\/\/news-fm.ro\/index.php\/wp-json\/wp\/v2\/comments?post=2557"}],"version-history":[{"count":0,"href":"https:\/\/news-fm.ro\/index.php\/wp-json\/wp\/v2\/posts\/2557\/revisions"}],"wp:attachment":[{"href":"https:\/\/news-fm.ro\/index.php\/wp-json\/wp\/v2\/media?parent=2557"}],"wp:term":[{"taxonomy":"category","embeddable":true,"href":"https:\/\/news-fm.ro\/index.php\/wp-json\/wp\/v2\/categories?post=2557"},{"taxonomy":"post_tag","embeddable":true,"href":"https:\/\/news-fm.ro\/index.php\/wp-json\/wp\/v2\/tags?post=2557"}],"curies":[{"name":"wp","href":"https:\/\/api.w.org\/{rel}","templated":true}]}}