{"id":2555,"date":"2020-04-27T04:30:45","date_gmt":"2020-04-27T04:30:45","guid":{"rendered":"http:\/\/news-fm.ro\/?p=2555"},"modified":"2020-04-27T04:30:48","modified_gmt":"2020-04-27T04:30:48","slug":"video-inna-not-my-baby","status":"publish","type":"post","link":"https:\/\/news-fm.ro\/index.php\/2020\/04\/27\/video-inna-not-my-baby\/","title":{"rendered":"Video: INNA &#8211; Not My Baby"},"content":{"rendered":"\n<figure class=\"wp-block-image size-large\"><img decoding=\"async\" src=\"https:\/\/news-fm.ro\/wp-content\/uploads\/2019\/03\/INNA-Tu-Manera-2019-cr-roc-nation-billboard-1548-1024x677.jpg\" alt=\"\" class=\"wp-image-1227\"\/><\/figure>\n\n\n\n<p class=\"wp-block-paragraph\">INNA a lansat videoclipul piesei &#8220;Not My Baby&#8221;, single care a debutat la \u00eenceputul lunii aprilie \u015fi a str\u00e2ns peste 3.4 milioane de vizualiz\u0103ri. Acest veritabil &#8220;banger&#8221; de club prime\u015fte acum o identitate vizual\u0103 ancorat\u0103 \u00een natur\u0103, iar INNA apare cu \u0163inute exotice \u00een clipul pe care \u00eel pute\u0163i viziona \u00een articol.<\/p>\n\n\n\n<p class=\"wp-block-paragraph\"><strong>INNA<\/strong>\u00a0a lansat\u00a0<strong>&#8220;Not My Baby&#8221;<\/strong>\u00a0sub form\u0103 de\u00a0lyric video\u00a0la \u00eenceputul lunii, iar fanii au semnalat \u00een comentarii ca acesta ar putea fi hitul care s\u0103 o aduc\u0103 pe artist\u0103 pe dance floor-uri de \u00eendat\u0103 ce acestea se redeschid. Muziciana apare \u00een\u00a0noul videoclip\u00a0\u00een ipostaze periculoase, \u0163in\u00e2nd \u015ferpi \u00een m\u00e2n\u0103, dar \u015fi mere ro\u015fii, \u00eentr-o veritabil\u0103 reconstituire a mitului P\u0103catului Originar. Imaginile cu INNA \u00een Eden sunt alternate cu cadre exotice cu vegeta\u0163ie luxuriant\u0103 \u015fi unduiri de dans ale creatoarei de hituri pop-dance.<\/p>\n\n\n\n<p class=\"wp-block-paragraph\">Videoclipul piesei a fost regizat de Bogdan P\u0103un \u0219i filmat de Alexandru Mure\u0219an (NGM Creative) cu care INNA a lucrat pentru toate piesele de pe albumul anterior &#8220;YO&#8221;, produc\u021bie video Loops Production. &#8220;Not My Baby&#8221; este un single compus de c\u0103tre Junior Oliver Frid, Lara Andersson, Michelle Buzz, Alexandra Elena Apostoleanu (INNA) \u0219i Fridolin Walcher. De produc\u0163ie s-a ocupat Freedo, care a colaborat cu Coldplay, Zara Larsson \u0219i The Chainsmokers.<\/p>\n\n\n\n<p class=\"wp-block-paragraph\">Single-ul anterior al Innei, colaborarea cu Vinka &#8220;Bebe&#8221; are peste 13 milioane de vizualiz\u0103ri \u015fi a fost pe locul 1 la radio \u015fi TV \u00een Rom\u00e2nia. \u00cen 2019 INNA a lansat albumul &#8220;YO&#8221;, al\u0103turi de ROC Nation, casa de discuri al ui Jay-Z. Acel LP a fost compus integral de artist\u0103 \u015fi a incluse track-uri \u00een limba spaniol\u0103, care s-au bucurat de succes \u00een special \u00een America Latin\u0103, dar \u015fi \u00een Europa. Melodia &#8220;Tu Manera&#8221; a ajuns \u00een jocul NFS Heat, iar alte piese de pe disc au fost incluse \u00een seriale Netflix \u015fi filme de lung metraj sau chiar o reclam\u0103 la Apple Watch.<\/p>\n\n\n\n<p class=\"wp-block-paragraph\">Pentru INNA urmeaz\u0103 acum provocarea de a face parte din distribu\u0163ia show-ului PRO TV\u00a0Masked Singer Rom\u00e2nia. \u00cen 2019 a debutat \u015fi\u00a0INNAMag, un proiect special al tinerei, o revist\u0103 dedicat\u0103 fanilor s\u0103i. Este o publica\u0163ie care a s\u0103rb\u0103torit locurile frumoase vizitate de INNA, persoanele cu care a colaborat \u015fi proiectele sale. Primul num\u0103r al revistei a inclus un interviu exclusiv cu fotograful Edward Aninaru, cel care a realizat shooting-ul de copert\u0103, dar \u015fi o c\u0103l\u0103torie al\u0103turi de INNA &#8220;\u00eenconjurul lumii \u00eentr-o lun\u0103&#8221;.<\/p>\n\n\n\n<figure class=\"wp-block-embed-youtube wp-block-embed is-type-video is-provider-youtube wp-embed-aspect-16-9 wp-has-aspect-ratio\"><div class=\"wp-block-embed__wrapper\">\n<iframe title=\"INNA - Not My Baby | Official Video\" width=\"1140\" height=\"641\" src=\"https:\/\/www.youtube.com\/embed\/vEYUDCaS4xs?feature=oembed\" frameborder=\"0\" allow=\"accelerometer; autoplay; clipboard-write; encrypted-media; gyroscope; picture-in-picture; web-share\" allowfullscreen><\/iframe>\n<\/div><\/figure>\n\n\n\n<p class=\"wp-block-paragraph\"><a href=\"https:\/\/www.infomusic.ro\/videoclip\/inna-not-my-baby\/\">INFOMUSIC<\/a><\/p>\n","protected":false},"excerpt":{"rendered":"<p>INNA a lansat videoclipul piesei &#8220;Not My Baby&#8221;, single care a debutat la \u00eenceputul lunii aprilie \u015fi a str\u00e2ns peste 3.4 milioane de vizualiz\u0103ri. Acest veritabil &#8220;banger&#8221; de club prime\u015fte acum o identitate vizual\u0103 ancorat\u0103 \u00een natur\u0103, iar INNA apare cu \u0163inute exotice \u00een clipul pe care \u00eel pute\u0163i viziona \u00een articol. INNA\u00a0a lansat\u00a0&#8220;Not My [&hellip;]<\/p>\n","protected":false},"author":1,"featured_media":0,"comment_status":"closed","ping_status":"closed","sticky":false,"template":"","format":"standard","meta":{"_crdt_document":"","footnotes":""},"categories":[4,3],"tags":[],"class_list":["post-2555","post","type-post","status-publish","format-standard","hentry","category-noutati","category-stars"],"_links":{"self":[{"href":"https:\/\/news-fm.ro\/index.php\/wp-json\/wp\/v2\/posts\/2555","targetHints":{"allow":["GET"]}}],"collection":[{"href":"https:\/\/news-fm.ro\/index.php\/wp-json\/wp\/v2\/posts"}],"about":[{"href":"https:\/\/news-fm.ro\/index.php\/wp-json\/wp\/v2\/types\/post"}],"author":[{"embeddable":true,"href":"https:\/\/news-fm.ro\/index.php\/wp-json\/wp\/v2\/users\/1"}],"replies":[{"embeddable":true,"href":"https:\/\/news-fm.ro\/index.php\/wp-json\/wp\/v2\/comments?post=2555"}],"version-history":[{"count":0,"href":"https:\/\/news-fm.ro\/index.php\/wp-json\/wp\/v2\/posts\/2555\/revisions"}],"wp:attachment":[{"href":"https:\/\/news-fm.ro\/index.php\/wp-json\/wp\/v2\/media?parent=2555"}],"wp:term":[{"taxonomy":"category","embeddable":true,"href":"https:\/\/news-fm.ro\/index.php\/wp-json\/wp\/v2\/categories?post=2555"},{"taxonomy":"post_tag","embeddable":true,"href":"https:\/\/news-fm.ro\/index.php\/wp-json\/wp\/v2\/tags?post=2555"}],"curies":[{"name":"wp","href":"https:\/\/api.w.org\/{rel}","templated":true}]}}