{"id":2552,"date":"2020-04-27T04:25:32","date_gmt":"2020-04-27T04:25:32","guid":{"rendered":"http:\/\/news-fm.ro\/?p=2552"},"modified":"2020-04-27T04:25:37","modified_gmt":"2020-04-27T04:25:37","slug":"27-de-vedete-din-romania-canta-impreuna-piesa-oameni-in-sprijinul-luptei-contra-coronavirus","status":"publish","type":"post","link":"https:\/\/news-fm.ro\/index.php\/2020\/04\/27\/27-de-vedete-din-romania-canta-impreuna-piesa-oameni-in-sprijinul-luptei-contra-coronavirus\/","title":{"rendered":"27 de vedete din Romania c\u00e2nt\u0103 \u00eempreun\u0103 piesa \u201cOameni\u201d \u00een sprijinul luptei contra coronavirus"},"content":{"rendered":"\n<figure class=\"wp-block-image size-large is-resized\"><img fetchpriority=\"high\" decoding=\"async\" src=\"https:\/\/news-fm.ro\/wp-content\/uploads\/2020\/04\/daruieste-viata.png\" alt=\"\" class=\"wp-image-2553\" width=\"336\" height=\"323\"\/><\/figure>\n\n\n\n<p class=\"wp-block-paragraph\">Campania <strong>&#8220;De la oameni pentru oameni!&#8221;<\/strong> sus\u021bine asocia\u021bia <strong>D\u0103ruie\u0219te Via\u021b\u0103 <\/strong>pentru construc\u021bia \u0219i dotarea spitalului modular 1 Elias \u0219i pentru dotarea spitalelor din \u021bar\u0103 cu echipamente de protec\u021bie, echipamente \u0219i aparatur\u0103 medical\u0103 necesare medicilor pentru protejarea lor \u0219i salvarea pacien\u021bilor.<\/p>\n\n\n\n<h4 class=\"wp-block-heading\">Un \u00eendemn de solidaritate \u0219i sprijin pentru sistemul medical<\/h4>\n\n\n\n<p class=\"wp-block-paragraph\">Noua versiune a c\u00e2ntecului lui Aurelian Andreescu\u00a0<strong>\u201cOameni\u201d<\/strong>\u00a0 a fost realizat\u0103 la ini\u021biativa\u00a0Roton\u00a0\u0219i este un \u00eendemn la solidaritate \u0219i sprijin pentru sistemul medical extrem de solicitat \u00een aceste zile, fiind o invita\u021bie la dona\u021bii c\u0103tre asocia\u021bia\u00a0<strong>D\u0103ruie\u0219te Via\u021b\u0103<\/strong>\u00a0care construie\u0219te spitalul Modular 1 Elias pentru a cre\u0219te num\u0103rul de paturi pentru pacien\u021bii cu\u00a0coronavirus.<\/p>\n\n\n\n<h4 class=\"wp-block-heading\"><strong>Smiley, Connect-R, Andreea Esca \u0219i multe alte vedete \u00ee\u0219i unesc vocile virtual<\/strong><\/h4>\n\n\n\n<p class=\"wp-block-paragraph\">\u00cen ordinea apari\u021biei,\u00a0<strong>Cabral, Smiley, Connect-R, Delia Rus, Maia Morgenstern, Amalia Enache, Mihail, Florin C\u0103linescu, Tudor Ionescu (Fly Project), Mihai Morar, Paul Iorga, Cosmin Selesi, Andreea Esca, Margareta P\u00e2slaru, Gina Pistol, Dani Ionescu (Dl. Goe), Adrian \u0218\u00een\u0103, Dana Rogoz, Virgil Ian\u021bu, Bruja, S\u00e2nziana Negru, Otrav\u0103, Sore, Florian Rus, Valeria Stoica, Jean Gavril \u0219i Pavel Barto\u0219<\/strong>\u00a0iau parte \u00een clipul postat pe conturile de socializare Roton.<\/p>\n\n\n\n<p class=\"wp-block-paragraph\">Cu to\u021bii interpreteaz\u0103 un vers din piesa c\u00e2ntat\u0103 de Aurelian Andreescu \u0219i compus\u0103 de Marius \u021aeicu. Lansat\u0103 \u00een 1973, &#8220;Oameni&#8221; are un mesaj de iubire \u0219i sus\u021binere, de \u00een\u021belegere a propriei persoane \u0219i ar putea oric\u00e2nd deveni un sprijin emo\u021bional \u0219i pentru cei care o ascult\u0103 \u00een izolare.<\/p>\n\n\n\n<h4 class=\"wp-block-heading\"><strong>Urm\u0103re\u0219te aici campania &#8220;De la oameni pentru oameni!&#8221;:<\/strong><\/h4>\n\n\n\n<figure class=\"wp-block-embed-instagram wp-block-embed is-type-rich is-provider-instagram\"><div class=\"wp-block-embed__wrapper\">\nhttps:\/\/www.instagram.com\/tv\/B_WwJoUDB8j\/\n<\/div><\/figure>\n\n\n\n<p class=\"wp-block-paragraph\">Arti\u0219tii \u0219i personalit\u0103\u021bile publice care reinterpreteaz\u0103 aceast\u0103 pies\u0103 va invit\u0103 s\u0103 r\u0103m\u00e2ne\u021bi oameni oric\u00e2t de grele ar fi condi\u021biile pe care le tr\u0103im \u00een aceste zile \u0219i s\u0103 va \u00eendrept\u0103\u021bi cu dragoste c\u0103tre cei din jur, afla\u021bi \u00een nevoie.<\/p>\n\n\n\n<h4 class=\"wp-block-heading\"><strong>Ce po\u021bi face tu pentru Asocia\u021bia D\u0103ruie\u0219te Via\u021b\u0103<\/strong><\/h4>\n\n\n\n<p class=\"wp-block-paragraph\">&#8211;&nbsp;<strong>Doneaz\u0103 prin SMS, 8826 cu mesajul \u00ceMPREUN\u0102 (dona\u021bie unic\u0103 de 2 euro, valabil doar pe teritoriul Rom\u00e2niei)<\/strong><br>&#8211; Doneaz\u0103 online pe&nbsp;<strong><a href=\"http:\/\/www.daruiesteviata.ro\/\">www.daruiesteviata.ro<\/a><\/strong><br>&#8211; Dac\u0103 e\u0219ti o companie, po\u021bi sponsoriza ac\u021biunile tot pe site, la&nbsp;<strong><a href=\"http:\/\/www.daruiesteviata.ro\/sponsorizeaza\">www.daruiesteviata.ro\/sponsorizeaz\u0103<\/a><\/strong><\/p>\n\n\n\n<p class=\"wp-block-paragraph\"><strong>Banii sunt folosi\u021bi de asocia\u021bia D\u0103ruie\u0219te Via\u021b\u0103 pentru construc\u021bia \u0219i dotarea spitalului modular 1 Elias \u0219i pentru dotarea spitalelor din \u021bar\u0103 cu echipamente de protec\u021bie, echipamente \u0219i aparatur\u0103 medical\u0103 necesare medicilor pentru protejarea lor \u0219i salvarea pacien\u021bilor.<\/strong><\/p>\n\n\n\n<figure class=\"wp-block-embed-youtube wp-block-embed is-type-video is-provider-youtube wp-embed-aspect-4-3 wp-has-aspect-ratio\"><div class=\"wp-block-embed__wrapper\">\n<iframe title=\"Aurelian Andreescu - Oameni\" width=\"1140\" height=\"855\" src=\"https:\/\/www.youtube.com\/embed\/WLDYya3MqRc?feature=oembed\" frameborder=\"0\" allow=\"accelerometer; autoplay; clipboard-write; encrypted-media; gyroscope; picture-in-picture; web-share\" allowfullscreen><\/iframe>\n<\/div><\/figure>\n\n\n\n<p class=\"wp-block-paragraph\"><a href=\"https:\/\/www.unsitedemuzica.ro\/stiri\/27-de-vedete-din-Romania-canta-impreuna-piesa-Oameni-in-sprijinul-luptei-contra-coronavirus-p9824\"> UN SITE DE MUZICA<\/a><\/p>\n","protected":false},"excerpt":{"rendered":"<p>Campania &#8220;De la oameni pentru oameni!&#8221; sus\u021bine asocia\u021bia D\u0103ruie\u0219te Via\u021b\u0103 pentru construc\u021bia \u0219i dotarea spitalului modular 1 Elias \u0219i pentru dotarea spitalelor din \u021bar\u0103 cu echipamente de protec\u021bie, echipamente \u0219i aparatur\u0103 medical\u0103 necesare medicilor pentru protejarea lor \u0219i salvarea pacien\u021bilor. Un \u00eendemn de solidaritate \u0219i sprijin pentru sistemul medical Noua versiune a c\u00e2ntecului lui Aurelian [&hellip;]<\/p>\n","protected":false},"author":1,"featured_media":0,"comment_status":"closed","ping_status":"closed","sticky":false,"template":"","format":"standard","meta":{"_crdt_document":"","footnotes":""},"categories":[3],"tags":[],"class_list":["post-2552","post","type-post","status-publish","format-standard","hentry","category-stars"],"_links":{"self":[{"href":"https:\/\/news-fm.ro\/index.php\/wp-json\/wp\/v2\/posts\/2552","targetHints":{"allow":["GET"]}}],"collection":[{"href":"https:\/\/news-fm.ro\/index.php\/wp-json\/wp\/v2\/posts"}],"about":[{"href":"https:\/\/news-fm.ro\/index.php\/wp-json\/wp\/v2\/types\/post"}],"author":[{"embeddable":true,"href":"https:\/\/news-fm.ro\/index.php\/wp-json\/wp\/v2\/users\/1"}],"replies":[{"embeddable":true,"href":"https:\/\/news-fm.ro\/index.php\/wp-json\/wp\/v2\/comments?post=2552"}],"version-history":[{"count":0,"href":"https:\/\/news-fm.ro\/index.php\/wp-json\/wp\/v2\/posts\/2552\/revisions"}],"wp:attachment":[{"href":"https:\/\/news-fm.ro\/index.php\/wp-json\/wp\/v2\/media?parent=2552"}],"wp:term":[{"taxonomy":"category","embeddable":true,"href":"https:\/\/news-fm.ro\/index.php\/wp-json\/wp\/v2\/categories?post=2552"},{"taxonomy":"post_tag","embeddable":true,"href":"https:\/\/news-fm.ro\/index.php\/wp-json\/wp\/v2\/tags?post=2552"}],"curies":[{"name":"wp","href":"https:\/\/api.w.org\/{rel}","templated":true}]}}