{"id":2544,"date":"2020-04-24T04:43:47","date_gmt":"2020-04-24T04:43:47","guid":{"rendered":"http:\/\/news-fm.ro\/?p=2544"},"modified":"2020-04-24T04:43:50","modified_gmt":"2020-04-24T04:43:50","slug":"videoclip-oficial-niall-horan-black-and-white","status":"publish","type":"post","link":"https:\/\/news-fm.ro\/index.php\/2020\/04\/24\/videoclip-oficial-niall-horan-black-and-white\/","title":{"rendered":"Videoclip oficial: Niall Horan &#8211; Black And White"},"content":{"rendered":"\n<figure class=\"wp-block-image size-large\"><img decoding=\"async\" src=\"https:\/\/news-fm.ro\/wp-content\/uploads\/2020\/04\/NAILL-HORAN-819x1024.jpg\" alt=\"\" class=\"wp-image-2407\"\/><\/figure>\n\n\n\n<p class=\"wp-block-paragraph\">Niall Horan a lansat videoclipul piesei &#8220;Black and White&#8221;. Single-ul se g\u0103se\u0219te pe cel mai recent album al artistului, &#8220;Heartbreak Weather&#8221;.<\/p>\n\n\n\n<p class=\"wp-block-paragraph\"><strong>&#8220;Black and White&#8221;<\/strong>&nbsp;este o balad\u0103 pop-rock \u0219i a fost compus\u0103 de Niall Horan al\u0103turi de Julian Bunetta, Alexander Izquierdo, Teddy Geiger \u0219i Scott Harris. Videoclipul piesei este format din imagini de la repeti\u021bii, de la concerte sau din timpul unor sesiuni foto.<\/p>\n\n\n\n<p class=\"wp-block-paragraph\"><strong>Niall<\/strong>\u00a0a c\u00e2ntat pentru prima dat\u0103 aceast\u0103 melodie pe 13 martie, \u00een cadrul emisiunii The Late Late Show with James Corden. Muzicianul a revenit cu o nou\u0103 interpretare pe 18 aprilie, la show-ul caritabil\u00a0&#8220;One World: Together At Home&#8221;.<\/p>\n\n\n\n<p class=\"wp-block-paragraph\"><strong>Niall Horan<\/strong>\u00a0este un c\u00e2nt\u0103re\u021b \u0219i un compozitor irlandez, ce a devenit cunoscut ca unul dintre cei patru membri ai forma\u021biei One Direction. Al\u0103turi de One Direction, acesta a lansat cinci albume de succes, a c\u00e2\u0219tigat numeroase premii \u0219i distinc\u021bii \u0219i a luat parte la mai multe turnee mondiale. \u00cen 2016, Niall Horan \u0219i-a \u00eenceput cariera solo \u0219i a lansat p\u00e2n\u0103 \u00een prezent dou\u0103 materiale discografice: &#8220;Flicker&#8221; (2017) \u0219i &#8220;Heartbreak Weather&#8221; (2020).<\/p>\n\n\n\n<figure class=\"wp-block-embed-youtube wp-block-embed is-type-video is-provider-youtube wp-embed-aspect-16-9 wp-has-aspect-ratio\"><div class=\"wp-block-embed__wrapper\">\n<iframe title=\"Niall Horan - Black And White (Official Video)\" width=\"1140\" height=\"641\" src=\"https:\/\/www.youtube.com\/embed\/gnvi8DrLJXI?feature=oembed\" frameborder=\"0\" allow=\"accelerometer; autoplay; clipboard-write; encrypted-media; gyroscope; picture-in-picture; web-share\" allowfullscreen><\/iframe>\n<\/div><\/figure>\n\n\n\n<p class=\"wp-block-paragraph\"><a href=\"https:\/\/www.infomusic.ro\/videoclip\/niall-horan-black-and-white\/\">INFO MUSIC<\/a><\/p>\n","protected":false},"excerpt":{"rendered":"<p>Niall Horan a lansat videoclipul piesei &#8220;Black and White&#8221;. Single-ul se g\u0103se\u0219te pe cel mai recent album al artistului, &#8220;Heartbreak Weather&#8221;. &#8220;Black and White&#8221;&nbsp;este o balad\u0103 pop-rock \u0219i a fost compus\u0103 de Niall Horan al\u0103turi de Julian Bunetta, Alexander Izquierdo, Teddy Geiger \u0219i Scott Harris. Videoclipul piesei este format din imagini de la repeti\u021bii, de [&hellip;]<\/p>\n","protected":false},"author":1,"featured_media":0,"comment_status":"closed","ping_status":"closed","sticky":false,"template":"","format":"standard","meta":{"_crdt_document":"","footnotes":""},"categories":[4,3],"tags":[],"class_list":["post-2544","post","type-post","status-publish","format-standard","hentry","category-noutati","category-stars"],"_links":{"self":[{"href":"https:\/\/news-fm.ro\/index.php\/wp-json\/wp\/v2\/posts\/2544","targetHints":{"allow":["GET"]}}],"collection":[{"href":"https:\/\/news-fm.ro\/index.php\/wp-json\/wp\/v2\/posts"}],"about":[{"href":"https:\/\/news-fm.ro\/index.php\/wp-json\/wp\/v2\/types\/post"}],"author":[{"embeddable":true,"href":"https:\/\/news-fm.ro\/index.php\/wp-json\/wp\/v2\/users\/1"}],"replies":[{"embeddable":true,"href":"https:\/\/news-fm.ro\/index.php\/wp-json\/wp\/v2\/comments?post=2544"}],"version-history":[{"count":0,"href":"https:\/\/news-fm.ro\/index.php\/wp-json\/wp\/v2\/posts\/2544\/revisions"}],"wp:attachment":[{"href":"https:\/\/news-fm.ro\/index.php\/wp-json\/wp\/v2\/media?parent=2544"}],"wp:term":[{"taxonomy":"category","embeddable":true,"href":"https:\/\/news-fm.ro\/index.php\/wp-json\/wp\/v2\/categories?post=2544"},{"taxonomy":"post_tag","embeddable":true,"href":"https:\/\/news-fm.ro\/index.php\/wp-json\/wp\/v2\/tags?post=2544"}],"curies":[{"name":"wp","href":"https:\/\/api.w.org\/{rel}","templated":true}]}}