{"id":2541,"date":"2020-04-24T04:36:18","date_gmt":"2020-04-24T04:36:18","guid":{"rendered":"http:\/\/news-fm.ro\/?p=2541"},"modified":"2020-04-24T04:36:22","modified_gmt":"2020-04-24T04:36:22","slug":"audio-dora-gaitanovici-ne-aduce-un-colt-de-luna-speranta-care-lumineaza-si-cel-mai-intunecat-cer","status":"publish","type":"post","link":"https:\/\/news-fm.ro\/index.php\/2020\/04\/24\/audio-dora-gaitanovici-ne-aduce-un-colt-de-luna-speranta-care-lumineaza-si-cel-mai-intunecat-cer\/","title":{"rendered":"(AUDIO) Dora Gaitanovici ne aduce un &#8220;Col\u021b de lun\u0103&#8221;, &#8220;speran\u021ba care lumineaz\u0103 \u0219i cel mai \u00eentunecat cer&#8221;"},"content":{"rendered":"\n<figure class=\"wp-block-image size-large\"><img decoding=\"async\" src=\"https:\/\/news-fm.ro\/wp-content\/uploads\/2020\/04\/DORA-GAITANOVICI-1024x576.jpg\" alt=\"\" class=\"wp-image-2542\"\/><\/figure>\n\n\n\n<p class=\"wp-block-paragraph\">Dora Gaitanovici ne ajut\u0103 s\u0103 risipim ap\u0103sarea izol\u0103rii cu o pies\u0103 nou\u0103, compus\u0103 din izolare. <strong>&#8220;Col\u021b de lun\u0103&#8221;<\/strong> este, potrivit artistei, <strong>&#8220;un c\u00e2ntec scris cu drag&#8221;<\/strong>, menit a alunga singur\u0103tatea.<\/p>\n\n\n\n<blockquote class=\"wp-block-quote is-layout-flow wp-block-quote-is-layout-flow\"><p><strong>&#8220;Am compus &#8220;Col\u021b de lun\u0103&#8221; \u00een aceast\u0103 perioad\u0103 ciudat\u0103, \u00een care \u00eendoiala, teama, singur\u0103tatea pe mai to\u021bi ne-au \u00eencercat r\u00e2nd pe r\u00e2nd. \u0218i sim\u021beam c\u0103 trebuie s\u0103 accesez ceva pozitiv, dorul, acea &#8220;pas\u0103re gri&#8221; simpl\u0103, care ba vine, ba pleac\u0103, dar niciodat\u0103 nu ne p\u0103r\u0103se\u0219te! Iar &#8220;col\u021bul de lun\u0103&#8221; e speran\u021ba care lumineaz\u0103 \u0219i cel mai \u00eentunecat cer al sufletului! E un c\u00e2ntec scris cu drag!&#8221;<\/strong>, a declarat\u00a0<strong>Dora Gaitanovici<\/strong>.<\/p><\/blockquote>\n\n\n\n<p class=\"wp-block-paragraph\">Dora semneaz\u0103 at\u00e2t versurile \u0219i compozi\u021bia noului single, c\u00e2t \u0219i productia, mixul \u0219i masterul.<\/p>\n\n\n\n<p class=\"wp-block-paragraph\">La doar 19 ani,&nbsp;<strong>Dora Gaitanovici<\/strong>&nbsp;are deja \u00een palmares zeci de trofee na\u0163ionale, pe l\u00e2ng\u0103 participarea cu succes \u00een cadrul&nbsp;<strong>Vocea Rom\u00e2niei<\/strong>&nbsp;2018, unde a fost unul dintre cei patru finali\u0219ti.<\/p>\n\n\n\n<p class=\"wp-block-paragraph\">Recent, Dora a lansat &#8220;El nu m\u0103 vrea&#8221;, o melodie scris\u0103 \u00eempreun\u0103 cu\u00a0<strong>Irina Rimes<\/strong>, piesa &#8220;<strong>Eu te las<\/strong>&#8221; \u00eempreun\u0103 cu\u00a0<strong>What&#8217;s UP<\/strong>\u00a0\u0219i a colaborat \u0219i cu\u00a0<strong>Daniel Doroban\u021bu<\/strong>, fondatorul ansamblului de art\u0103 sincretic\u0103\u00a0<strong>Thy Veils<\/strong>, pentru melodia &#8220;Feel It All&#8221;.<\/p>\n\n\n\n<p class=\"wp-block-paragraph\">Anul acesta, Dora a sus\u021binut un recital \u00een cadrul finalei Eurovision Rom\u00e2nia \u0219i a cucerit telespectatorii cu refrene celebre din cadrul concursului, interpretate ala\u0103uri de band-ul sau.<\/p>\n\n\n\n<p class=\"wp-block-paragraph\"><strong>Dora Gaitanovici<\/strong>&nbsp;studiaz\u0103 pian, saxofon, canto \u015fi este pasionat\u0103 de jazz, blues, rock sau de muzic\u0103 clasic\u0103. \u00cen prezent, Dora este student\u0103 \u00een cadrul Universit\u0103\u0163ii de Muzic\u0103 din Bucure\u015fti.<\/p>\n\n\n\n<figure class=\"wp-block-embed-youtube wp-block-embed is-type-video is-provider-youtube wp-embed-aspect-16-9 wp-has-aspect-ratio\"><div class=\"wp-block-embed__wrapper\">\n<iframe title=\"Dora Gaitanovici - Colt de luna (Official Audio)\" width=\"1140\" height=\"641\" src=\"https:\/\/www.youtube.com\/embed\/mz9fn9jkkBs?feature=oembed\" frameborder=\"0\" allow=\"accelerometer; autoplay; clipboard-write; encrypted-media; gyroscope; picture-in-picture; web-share\" allowfullscreen><\/iframe>\n<\/div><\/figure>\n\n\n\n<p class=\"wp-block-paragraph\"><a href=\"https:\/\/www.infomusic.ro\/2020\/04\/dora-gaitanovici-colt-de-luna-audio\/\">INFO MUSIC<\/a><\/p>\n","protected":false},"excerpt":{"rendered":"<p>Dora Gaitanovici ne ajut\u0103 s\u0103 risipim ap\u0103sarea izol\u0103rii cu o pies\u0103 nou\u0103, compus\u0103 din izolare. &#8220;Col\u021b de lun\u0103&#8221; este, potrivit artistei, &#8220;un c\u00e2ntec scris cu drag&#8221;, menit a alunga singur\u0103tatea. &#8220;Am compus &#8220;Col\u021b de lun\u0103&#8221; \u00een aceast\u0103 perioad\u0103 ciudat\u0103, \u00een care \u00eendoiala, teama, singur\u0103tatea pe mai to\u021bi ne-au \u00eencercat r\u00e2nd pe r\u00e2nd. \u0218i sim\u021beam c\u0103 [&hellip;]<\/p>\n","protected":false},"author":1,"featured_media":0,"comment_status":"closed","ping_status":"closed","sticky":false,"template":"","format":"standard","meta":{"_crdt_document":"","footnotes":""},"categories":[4,3],"tags":[],"class_list":["post-2541","post","type-post","status-publish","format-standard","hentry","category-noutati","category-stars"],"_links":{"self":[{"href":"https:\/\/news-fm.ro\/index.php\/wp-json\/wp\/v2\/posts\/2541","targetHints":{"allow":["GET"]}}],"collection":[{"href":"https:\/\/news-fm.ro\/index.php\/wp-json\/wp\/v2\/posts"}],"about":[{"href":"https:\/\/news-fm.ro\/index.php\/wp-json\/wp\/v2\/types\/post"}],"author":[{"embeddable":true,"href":"https:\/\/news-fm.ro\/index.php\/wp-json\/wp\/v2\/users\/1"}],"replies":[{"embeddable":true,"href":"https:\/\/news-fm.ro\/index.php\/wp-json\/wp\/v2\/comments?post=2541"}],"version-history":[{"count":0,"href":"https:\/\/news-fm.ro\/index.php\/wp-json\/wp\/v2\/posts\/2541\/revisions"}],"wp:attachment":[{"href":"https:\/\/news-fm.ro\/index.php\/wp-json\/wp\/v2\/media?parent=2541"}],"wp:term":[{"taxonomy":"category","embeddable":true,"href":"https:\/\/news-fm.ro\/index.php\/wp-json\/wp\/v2\/categories?post=2541"},{"taxonomy":"post_tag","embeddable":true,"href":"https:\/\/news-fm.ro\/index.php\/wp-json\/wp\/v2\/tags?post=2541"}],"curies":[{"name":"wp","href":"https:\/\/api.w.org\/{rel}","templated":true}]}}