{"id":2530,"date":"2020-04-23T04:41:18","date_gmt":"2020-04-23T04:41:18","guid":{"rendered":"http:\/\/news-fm.ro\/?p=2530"},"modified":"2020-04-23T04:41:21","modified_gmt":"2020-04-23T04:41:21","slug":"festivalurile-si-marile-concerte-din-romania-nu-ar-trebui-sa-aiba-loc-rafila-nu-cred-ca-in-acest-an-adunarile-de-mare-amploare-vor-fi-reluate","status":"publish","type":"post","link":"https:\/\/news-fm.ro\/index.php\/2020\/04\/23\/festivalurile-si-marile-concerte-din-romania-nu-ar-trebui-sa-aiba-loc-rafila-nu-cred-ca-in-acest-an-adunarile-de-mare-amploare-vor-fi-reluate\/","title":{"rendered":"Festivalurile \u015fi marile concerte din Rom\u00e2nia nu ar trebui s\u0103 aib\u0103 loc. Rafila: \u201eNu cred c\u0103 \u00een acest an adun\u0103rile de mare amploare vor fi reluate\u201d"},"content":{"rendered":"\n<figure class=\"wp-block-image size-large\"><img decoding=\"async\" src=\"https:\/\/news-fm.ro\/wp-content\/uploads\/2020\/04\/UNTOLD1.jpg\" alt=\"\" class=\"wp-image-2532\"\/><\/figure>\n\n\n\n<p class=\"wp-block-paragraph\">\u0218tim cu to\u021bii, de\u0219i \u00eenc\u0103 nu vrem s\u0103 credem asta \u0219i nici nu avem informa\u021bii oficiale \u00een acest sens. Concertele mari, festivalurile de muzic\u0103, deci activit\u0103\u021bile care presupun adun\u0103ri mari de oameni, nu vor avea loc. Sau, mai bine zic, nu ar trebui s\u0103 aib\u0103 loc.<\/p>\n\n\n\n<p class=\"wp-block-paragraph\">Chiar \u0219i dup\u0103 ce m\u0103surile de distan\u021bare sociale se vor fi redus, la jum\u0103tatea lui mai, atunci c\u00e2nd starea de urgen\u021b\u0103 se va termina, tot vor exista reguli de urmat astfel \u00eenc\u00e2t coronavirusul s\u0103 nu se r\u0103sp\u00e2ndeasc\u0103, iar eforturile noastre de a sta \u00een case s\u0103 nu fie degeaba.&nbsp;<\/p>\n\n\n\n<p class=\"wp-block-paragraph\">\u00cen afara \u021b\u0103rii, organizatorii marilor\u00a0festivaluri, printre care \u0219i\u00a0Tomorrowland, cel mai mare festival al Europei, sau\u00a0Glastonbury, au decis s\u0103 anuleze edi\u021biile din acest an din cauza pandemiei de coronavirus.\u00a0<\/p>\n\n\n\n<h4 class=\"wp-block-heading\"><strong>A. Rafila d\u0103 de \u00een\u021beles c\u0103 nu ar trebui s\u0103 avem festivaluri anul \u0103sta<\/strong><\/h4>\n\n\n\n<p class=\"wp-block-paragraph\">Alexandru Rafila, pre\u0219edintele Societ\u0103\u021bii Rom\u00e2ne de Microbiologie, e unul dintre speciali\u0219tii care spune c\u00e2t se poate de clar c\u0103 nu doar vara asta, ci p\u00e2n\u0103 la sf\u00e2r\u0219itul anului nu ar trebui s\u0103 avem evenimente care presupun adunarea mai multor oameni la un loc.<\/p>\n\n\n\n<p class=\"wp-block-paragraph\">Prin declara\u021biile lui, de\u0219i nu face referire direct\u0103, putem s\u0103 ne g\u00e2ndim \u0219i la festivalurile de muzic\u0103 precum\u00a0<strong>UNTOLD, NEVERSEA,\u00a0Electric Castle\u00a0sau Summer Well<\/strong>, la marile concertele ale anului, cum ar fi\u00a0<strong>Celine Dion\u00a0pe Arena Na\u021bional\u0103<\/strong>, sau adun\u0103ri \u0219i mai mari precum EURO 2020 &#8211; care a fost deja am\u00e2nat pentru anul viitor.\u00a0<\/p>\n\n\n\n<p class=\"wp-block-paragraph\">Cu toate acestea, profesorul crede c\u0103 adun\u0103rile mai mici, \u00eentre 50 \u0219i 100 de persoane, ar putea s\u0103 aib\u0103 loc.<\/p>\n\n\n\n<blockquote class=\"wp-block-quote is-layout-flow wp-block-quote-is-layout-flow\"><p><strong>\u201e\u00cen ceea ce prive\u0219te adun\u0103rile, eu nu cred c\u0103 \u00een acest an adun\u0103rile de mare amploare vor fi reluate, este o p\u0103rere personal\u0103. Probabil c\u0103 \u00eentre 50 \u0219i 100 de persoane o s\u0103 fie un interval acceptabil, dar trebuie raportat la un anumit spa\u021biu. Dac\u0103 spa\u021biul e mic, distan\u021barea nu se poate produce. Concerte de mare amploare \u00een aer liber eu nu cred \u0219i nu cred c\u0103 o s\u0103 fie \u00een nicio \u021bar\u0103\u201d<\/strong>, a declarat el la\u00a0Digi24.\u00a0<\/p><\/blockquote>\n\n\n\n<h4 class=\"wp-block-heading\"><strong>Trebuie s\u0103 respect\u0103m regulile \u0219i dup\u0103 starea de urgen\u021b\u0103<\/strong><\/h4>\n\n\n\n<p class=\"wp-block-paragraph\">Via\u021ba noastr\u0103 de dinainte de pandemia de coronavirus va reveni la normal cu mult dup\u0103 ce restric\u021biile se vor relaxa. Doar dac\u0103 accept\u0103m ideea c\u0103 putem stopa pandemia de coronavirus prin respectarea unor reguli \u0219i dup\u0103 ce pericolul va fi diminuat, doar a\u0219a vom putea trece peste acest hop. De aceea, noi credem c\u0103 nici festivalurile \u0219i concertele mari ale acestui an nu ar trebui s\u0103 aib\u0103 loc pentru siguran\u021ba participan\u021bilor, a organizatorilor \u0219i a arti\u0219tilor. R\u0103m\u00e2ne doar s\u0103 a\u0219tept\u0103m anun\u021bul oficial al organizatorilor.<\/p>\n\n\n\n<p class=\"wp-block-paragraph\"><a href=\"https:\/\/www.unsitedemuzica.ro\/stiri\/Festivalurile-si-marile-concerte-din-Romania-nu-ar-trebui-sa-aiba-loc-Rafila-Nu-cred-ca-in-acest-an-adunarile-de-mare-amploare-vor-fi-reluate-p9790\">UN SITE DE MUZICA<\/a><\/p>\n","protected":false},"excerpt":{"rendered":"<p>\u0218tim cu to\u021bii, de\u0219i \u00eenc\u0103 nu vrem s\u0103 credem asta \u0219i nici nu avem informa\u021bii oficiale \u00een acest sens. Concertele mari, festivalurile de muzic\u0103, deci activit\u0103\u021bile care presupun adun\u0103ri mari de oameni, nu vor avea loc. Sau, mai bine zic, nu ar trebui s\u0103 aib\u0103 loc. Chiar \u0219i dup\u0103 ce m\u0103surile de distan\u021bare sociale se [&hellip;]<\/p>\n","protected":false},"author":1,"featured_media":0,"comment_status":"closed","ping_status":"closed","sticky":false,"template":"","format":"standard","meta":{"_crdt_document":"","footnotes":""},"categories":[4],"tags":[],"class_list":["post-2530","post","type-post","status-publish","format-standard","hentry","category-noutati"],"_links":{"self":[{"href":"https:\/\/news-fm.ro\/index.php\/wp-json\/wp\/v2\/posts\/2530","targetHints":{"allow":["GET"]}}],"collection":[{"href":"https:\/\/news-fm.ro\/index.php\/wp-json\/wp\/v2\/posts"}],"about":[{"href":"https:\/\/news-fm.ro\/index.php\/wp-json\/wp\/v2\/types\/post"}],"author":[{"embeddable":true,"href":"https:\/\/news-fm.ro\/index.php\/wp-json\/wp\/v2\/users\/1"}],"replies":[{"embeddable":true,"href":"https:\/\/news-fm.ro\/index.php\/wp-json\/wp\/v2\/comments?post=2530"}],"version-history":[{"count":0,"href":"https:\/\/news-fm.ro\/index.php\/wp-json\/wp\/v2\/posts\/2530\/revisions"}],"wp:attachment":[{"href":"https:\/\/news-fm.ro\/index.php\/wp-json\/wp\/v2\/media?parent=2530"}],"wp:term":[{"taxonomy":"category","embeddable":true,"href":"https:\/\/news-fm.ro\/index.php\/wp-json\/wp\/v2\/categories?post=2530"},{"taxonomy":"post_tag","embeddable":true,"href":"https:\/\/news-fm.ro\/index.php\/wp-json\/wp\/v2\/tags?post=2530"}],"curies":[{"name":"wp","href":"https:\/\/api.w.org\/{rel}","templated":true}]}}