{"id":2528,"date":"2020-04-23T04:33:43","date_gmt":"2020-04-23T04:33:43","guid":{"rendered":"http:\/\/news-fm.ro\/?p=2528"},"modified":"2020-04-23T04:33:46","modified_gmt":"2020-04-23T04:33:46","slug":"jennifer-lopez-data-in-judecata-pentru-150-000-de-dolari-din-cauza-unei-poze-pe-instagram","status":"publish","type":"post","link":"https:\/\/news-fm.ro\/index.php\/2020\/04\/23\/jennifer-lopez-data-in-judecata-pentru-150-000-de-dolari-din-cauza-unei-poze-pe-instagram\/","title":{"rendered":"Jennifer Lopez, dat\u0103 \u00een judecat\u0103 pentru 150.000 de dolari, din cauza unei poze pe Instagram"},"content":{"rendered":"\n<figure class=\"wp-block-image size-large\"><img decoding=\"async\" src=\"https:\/\/news-fm.ro\/wp-content\/uploads\/2019\/04\/jennifer-lopez-rocks-blue-contacts-in-gorgeous-1st-look-at-e28098medicinee28099-video-with-french-montana-ftr.jpg\" alt=\"\" class=\"wp-image-1306\"\/><\/figure>\n\n\n\n<p class=\"wp-block-paragraph\">Jennifer Lopez \u0219i compania sa de produc\u021bie, Nuyorican Productions, au fost date \u00een judecat\u0103 pentru \u00eenc\u0103lcarea drepturilor de autor, iar pagubele cerute sunt de 150.000 de dolari.&nbsp;<\/p>\n\n\n\n<p class=\"wp-block-paragraph\">Reclamantul este fotograful american&nbsp;Steve Sands, care sus\u021bine c\u0103 J Lo a folosit \u0219i distribuit pe contul ei de Instagram o fotografie care-i apar\u021bine lui, f\u0103r\u0103 s\u0103-i cear\u0103 permisiunea sau s\u0103-i dea credite, \u00een scopul promov\u0103rii brandului artistei.&nbsp;<\/p>\n\n\n\n<blockquote class=\"wp-block-quote is-layout-flow wp-block-quote-is-layout-flow\"><p><strong>\u201eEste doar un exemplu a felului \u00een care celebrit\u0103\u021bile folosesc operele fotografilor f\u0103r\u0103 permisiune, pentru a se promova pe ele \u00een social media. Num\u0103rul de likeuri pe care o fotografie \u00eel prime\u0219te, cuplat cu num\u0103rul de followeri din social media este o formul\u0103 care e folosit\u0103 pentru a face bani din acea postare.\u201d<\/strong>, a declarat avocatul lui Sands.\u00a0<\/p><\/blockquote>\n\n\n\n<p class=\"wp-block-paragraph\">Poza folosit\u0103 de J Lo a generat peste 600.000 de likeuri. Ea a fost postat\u0103 \u00een luna iunie a anului 2017 \u0219i o reprezint\u0103 pe artist\u0103 \u00een rolul detectivei Harlee, din serialul \u201eShades of Blue\u201d.&nbsp;<\/p>\n\n\n\n<p class=\"wp-block-paragraph\">P\u00e2n\u0103 \u00een acest moment, reprezentan\u021bii lui Jennifer Lopez nu au comentat acest caz.\u00a0<\/p>\n\n\n\n<p class=\"wp-block-paragraph\"><a href=\"https:\/\/www.unsitedemuzica.ro\/stiri\/Jennifer-Lopez-data-in-judecata-pentru-150000-de-dolari-din-cauza-unei-poze-pe-Instagram-p9796\">UN SITE DE MUZICA<\/a><\/p>\n","protected":false},"excerpt":{"rendered":"<p>Jennifer Lopez \u0219i compania sa de produc\u021bie, Nuyorican Productions, au fost date \u00een judecat\u0103 pentru \u00eenc\u0103lcarea drepturilor de autor, iar pagubele cerute sunt de 150.000 de dolari.&nbsp; Reclamantul este fotograful american&nbsp;Steve Sands, care sus\u021bine c\u0103 J Lo a folosit \u0219i distribuit pe contul ei de Instagram o fotografie care-i apar\u021bine lui, f\u0103r\u0103 s\u0103-i cear\u0103 permisiunea [&hellip;]<\/p>\n","protected":false},"author":1,"featured_media":0,"comment_status":"closed","ping_status":"closed","sticky":false,"template":"","format":"standard","meta":{"_crdt_document":"","footnotes":""},"categories":[3],"tags":[],"class_list":["post-2528","post","type-post","status-publish","format-standard","hentry","category-stars"],"_links":{"self":[{"href":"https:\/\/news-fm.ro\/index.php\/wp-json\/wp\/v2\/posts\/2528","targetHints":{"allow":["GET"]}}],"collection":[{"href":"https:\/\/news-fm.ro\/index.php\/wp-json\/wp\/v2\/posts"}],"about":[{"href":"https:\/\/news-fm.ro\/index.php\/wp-json\/wp\/v2\/types\/post"}],"author":[{"embeddable":true,"href":"https:\/\/news-fm.ro\/index.php\/wp-json\/wp\/v2\/users\/1"}],"replies":[{"embeddable":true,"href":"https:\/\/news-fm.ro\/index.php\/wp-json\/wp\/v2\/comments?post=2528"}],"version-history":[{"count":0,"href":"https:\/\/news-fm.ro\/index.php\/wp-json\/wp\/v2\/posts\/2528\/revisions"}],"wp:attachment":[{"href":"https:\/\/news-fm.ro\/index.php\/wp-json\/wp\/v2\/media?parent=2528"}],"wp:term":[{"taxonomy":"category","embeddable":true,"href":"https:\/\/news-fm.ro\/index.php\/wp-json\/wp\/v2\/categories?post=2528"},{"taxonomy":"post_tag","embeddable":true,"href":"https:\/\/news-fm.ro\/index.php\/wp-json\/wp\/v2\/tags?post=2528"}],"curies":[{"name":"wp","href":"https:\/\/api.w.org\/{rel}","templated":true}]}}