{"id":2526,"date":"2020-04-23T04:30:17","date_gmt":"2020-04-23T04:30:17","guid":{"rendered":"http:\/\/news-fm.ro\/?p=2526"},"modified":"2020-04-23T04:30:20","modified_gmt":"2020-04-23T04:30:20","slug":"video-feli-a-scos-piesa-impreuna-pentru-a-ne-incuraja-sa-fim-mai-buni","status":"publish","type":"post","link":"https:\/\/news-fm.ro\/index.php\/2020\/04\/23\/video-feli-a-scos-piesa-impreuna-pentru-a-ne-incuraja-sa-fim-mai-buni\/","title":{"rendered":"VIDEO: Feli a scos piesa \u201e\u00cempreun\u0103\u201d pentru a ne \u00eencuraja s\u0103 fim mai buni"},"content":{"rendered":"\n<figure class=\"wp-block-image size-large\"><img decoding=\"async\" src=\"https:\/\/news-fm.ro\/wp-content\/uploads\/2019\/06\/feli-donose.jpg\" alt=\"\" class=\"wp-image-1515\"\/><\/figure>\n\n\n\n<p class=\"wp-block-paragraph\">Artista a scos piesa \u201e\u00cempreun\u0103\u201d, \u00een care vorbe\u0219te despre distan\u021barea social\u0103 \u0219i cum aceast\u0103 perioad\u0103 are rolul de a ne face mai buni, mai darnici, mai iubitori.<\/p>\n\n\n\n<p class=\"wp-block-paragraph\">Feli\u00a0crede\u00a0c\u0103 perioada prin care trecem are rolul de a ne \u00eenv\u0103\u021ba ceva bun, a\u0219a c\u0103 nu renun\u021b\u0103 la speran\u021b\u0103 \u0219i optimism:<\/p>\n\n\n\n<blockquote class=\"wp-block-quote is-layout-flow wp-block-quote-is-layout-flow\"><p><strong>\u201eIndiferent de vremuri \u0219i de experien\u021be de via\u021b\u0103 nu tocmai frumoase, \u00eempreun\u0103 e cel mai bine, chiar dac\u0103 acest \u00ab\u00eempreun\u0103\u00bb \u00eembrac\u0103 ast\u0103zi forme de neimaginat, \u00een care iubirea, grija \u0219i via\u021ba nu depind de spa\u021biu, de loc, de conven\u021bii, de nici un \u00abtrebuie\u00bb care f\u0103cea legile p\u00e2n\u0103 mai ieri.\u201d<\/strong><\/p><\/blockquote>\n\n\n\n<p class=\"wp-block-paragraph\">Compus\u0103 al\u0103turi de Smiley, Dorian \u0219i \u0218erban Cazan, melodia vrea s\u0103 le aduc\u0103 lumin\u0103 \u00een suflet oamenilor \u0219i s\u0103 nu-i fac\u0103 s\u0103 uite c\u0103 dup\u0103 ploaie vine mereu soarele.<\/p>\n\n\n\n<blockquote class=\"wp-block-quote is-layout-flow wp-block-quote-is-layout-flow\"><p><strong>\u201eDe cele mai multe ori, din situa\u021biile grele \u00eenv\u0103\u021b\u0103m cele mai importante lec\u021bii, pentru c\u0103 atunci devenim, poate f\u0103r\u0103 s\u0103 vrem, aten\u021bi la noi, la cei din jur \u0219i la ce ne \u00eenconjoar\u0103. \u00cen aceast\u0103 perioada foarte grea pentru fiecare dintre noi, avem tendin\u021ba s\u0103 vedem c\u0103 tot ce ni se \u00eent\u00e2mpl\u0103 este negru \u0219i r\u0103u.<\/strong><\/p><p><strong>Eu cred c\u0103 trebuie s\u0103 deschidem bine ochii, chiar dac\u0103 nu e mult\u0103 varia\u021bie de culoare \u00een jur, s\u0103 ascult\u0103m atent, chiar dac\u0103 e at\u00e2t de lini\u0219te, s\u0103 ne deschidem sufletele, chiar dac\u0103 e mult\u0103 fric\u0103 acolo, \u0219i s\u0103 reg\u0103sim esen\u021ba \u0219i soarele din fiecare dintre noi.\u201d<\/strong><\/p><\/blockquote>\n\n\n\n<figure class=\"wp-block-embed-youtube wp-block-embed is-type-video is-provider-youtube wp-embed-aspect-16-9 wp-has-aspect-ratio\"><div class=\"wp-block-embed__wrapper\">\n<iframe title=\"Feli - Impreuna | Lyric Video\" width=\"1140\" height=\"641\" src=\"https:\/\/www.youtube.com\/embed\/MZ4lsUTZW1s?feature=oembed\" frameborder=\"0\" allow=\"accelerometer; autoplay; clipboard-write; encrypted-media; gyroscope; picture-in-picture; web-share\" allowfullscreen><\/iframe>\n<\/div><\/figure>\n\n\n\n<p class=\"wp-block-paragraph\"><a href=\"https:\/\/www.unsitedemuzica.ro\/stiri\/VIDEO-Feli-a-scos-piesa-Impreuna-pentru-a-ne-incuraja-sa-fim-mai-buni-p9799\">UN SITE DE MUZICA<\/a><\/p>\n","protected":false},"excerpt":{"rendered":"<p>Artista a scos piesa \u201e\u00cempreun\u0103\u201d, \u00een care vorbe\u0219te despre distan\u021barea social\u0103 \u0219i cum aceast\u0103 perioad\u0103 are rolul de a ne face mai buni, mai darnici, mai iubitori. Feli\u00a0crede\u00a0c\u0103 perioada prin care trecem are rolul de a ne \u00eenv\u0103\u021ba ceva bun, a\u0219a c\u0103 nu renun\u021b\u0103 la speran\u021b\u0103 \u0219i optimism: \u201eIndiferent de vremuri \u0219i de experien\u021be de [&hellip;]<\/p>\n","protected":false},"author":1,"featured_media":0,"comment_status":"closed","ping_status":"closed","sticky":false,"template":"","format":"standard","meta":{"_crdt_document":"","footnotes":""},"categories":[4,3],"tags":[],"class_list":["post-2526","post","type-post","status-publish","format-standard","hentry","category-noutati","category-stars"],"_links":{"self":[{"href":"https:\/\/news-fm.ro\/index.php\/wp-json\/wp\/v2\/posts\/2526","targetHints":{"allow":["GET"]}}],"collection":[{"href":"https:\/\/news-fm.ro\/index.php\/wp-json\/wp\/v2\/posts"}],"about":[{"href":"https:\/\/news-fm.ro\/index.php\/wp-json\/wp\/v2\/types\/post"}],"author":[{"embeddable":true,"href":"https:\/\/news-fm.ro\/index.php\/wp-json\/wp\/v2\/users\/1"}],"replies":[{"embeddable":true,"href":"https:\/\/news-fm.ro\/index.php\/wp-json\/wp\/v2\/comments?post=2526"}],"version-history":[{"count":0,"href":"https:\/\/news-fm.ro\/index.php\/wp-json\/wp\/v2\/posts\/2526\/revisions"}],"wp:attachment":[{"href":"https:\/\/news-fm.ro\/index.php\/wp-json\/wp\/v2\/media?parent=2526"}],"wp:term":[{"taxonomy":"category","embeddable":true,"href":"https:\/\/news-fm.ro\/index.php\/wp-json\/wp\/v2\/categories?post=2526"},{"taxonomy":"post_tag","embeddable":true,"href":"https:\/\/news-fm.ro\/index.php\/wp-json\/wp\/v2\/tags?post=2526"}],"curies":[{"name":"wp","href":"https:\/\/api.w.org\/{rel}","templated":true}]}}