{"id":2524,"date":"2020-04-23T04:27:05","date_gmt":"2020-04-23T04:27:05","guid":{"rendered":"http:\/\/news-fm.ro\/?p=2524"},"modified":"2020-04-23T04:27:10","modified_gmt":"2020-04-23T04:27:10","slug":"videoclip-oficial-liviu-teodorescu-unde-iti-zboara-gandul","status":"publish","type":"post","link":"https:\/\/news-fm.ro\/index.php\/2020\/04\/23\/videoclip-oficial-liviu-teodorescu-unde-iti-zboara-gandul\/","title":{"rendered":"Videoclip oficial: Liviu Teodorescu &#8211; Unde \u00ce\u021bi Zboar\u0103 G\u00e2ndul?"},"content":{"rendered":"\n<figure class=\"wp-block-image size-large\"><img decoding=\"async\" src=\"https:\/\/news-fm.ro\/wp-content\/uploads\/2019\/04\/liviu-teodorescu-parasit-de-iubita-chiar-de-ziua-indragostitilor-508172.jpg\" alt=\"\" class=\"wp-image-1279\"\/><\/figure>\n\n\n\n<p class=\"wp-block-paragraph\">\u201dUnde \u00ce\u021bi Zboar\u0103 G\u00e2ndul?\u201d, ne \u00eentreab\u0103 Liviu Teodorescu, inspirat de momentele \u00een care mintea zboar\u0103 acolo unde vrea ea. Melodia este compus\u0103 de artist, fiind acompaniat\u0103 de un videoclip filmat al\u0103turi de Criss Blaziny.<\/p>\n\n\n\n<p class=\"wp-block-paragraph\">Exist\u0103 numeroase momente \u00een care&nbsp;<em>&#8220;c\u0103dem pe ganduri&#8221;<\/em>, desprin\u0219i de prezent, trecut sau viitor. Un astfel de moment este descris \u0219i \u00een piesa &#8220;<strong>Unde \u00ee\u021bi zboar\u0103 g\u00e2ndul?<\/strong>&#8220;, noul single al lui&nbsp;<strong>Liviu Teodorescu<\/strong>. Videoclipul melodiei, ce induce o stare de visare, a fost filmat al\u0103turi de&nbsp;<strong>Criss Blaziny<\/strong>, \u00eentr-un decor inedit \u2013 pe terasa propriei sale case, fiind acompaniat de o chitar\u0103 \u0219i de un cer senin, aflat la apus.<\/p>\n\n\n\n<p class=\"wp-block-paragraph\">Piesa este compus\u0103 chiar de c\u0103tre artist, at\u00e2t muzica c\u00e2t \u0219i textul, fiind precedat\u0103 de single-ul &#8220;Mi-ai pus ceva \u00een pahar&#8221;, lansat \u00een urm\u0103 cu o lun\u0103.<\/p>\n\n\n\n<p class=\"wp-block-paragraph\">\u00cen contextul actualei panademii, toate activit\u0103\u021bile s-au mutat online. Asta se \u00eent\u00e2mpl\u0103 \u0219i \u00een cazul lui&nbsp;<strong>Liviu Teodorescu<\/strong>, care a \u00eenceput o mini-serie pe Instagram. \u00cen fiecare luni si joi, de la ora 19:00, intr\u0103 live #DinVarfulPatului, av\u00e2nd invita\u021bi precum Antonio Pican, Dorian Popa, Ana Baniciu sau Ruby.<\/p>\n\n\n\n<p class=\"wp-block-paragraph\"><strong>Liviu Teodorescu&nbsp;<\/strong>a cochetat \u00eenc\u0103 de mic cu teatrul, muzica, festivalurile \u0219i competi\u021biile muzicale, cele mai notabile performan\u021be publice, \u00een ultimii ani, fiind apari\u021biile sale \u00een serialul &#8220;Pariu cu via\u021ba&#8221; (Pro TV) \u0219i show-ul &nbsp;TV&nbsp;<strong>Vocea Rom\u00e2niei<\/strong>.<\/p>\n\n\n\n<p class=\"wp-block-paragraph\">Dup\u0103 prima lui pies\u0103 din cariera solo, &#8220;<strong>Electronic Symphony<\/strong>&#8220;, au urmat &#8220;E\u0219ti Piesa&#8221;, &#8220;A\u0219a e dragostea&#8221; (cu Andra), &#8220;Tot ce mi-a r\u0103mas&#8221; (cu Robert Toma \u0219i Adda), &#8220;Un loc \u00een via\u021ba ta&#8221;, &#8220;\u00cen bra\u021bele tale&#8221;, &#8220;T\u00e2rziu&#8221; sau &#8220;\u00cen bra\u021bele tale&#8221;, artistul contribuind substan\u021bial at\u00e2t la text \u0219i la compozi\u021bia liniilor melodice, c\u00e2t \u0219i la produc\u021bia final\u0103.<\/p>\n\n\n\n<p class=\"wp-block-paragraph\"><strong>Liviu Teodorescu<\/strong>\u00a0este primul artist din Rom\u00e2nia care a colaborat pentru videoclipurile sale cu vloggeri \u0219i bloggeri. Pentru piesa &#8220;Cine m-a pus&#8221;, acesta a apelat la S\u00e2nziana Negru, pentru single-ul &#8220;Obsesie&#8221; la Cristina Ich, iar pentru videoclipul piesei &#8220;A\u0219a e ea #Dulce&#8221; la Marisa Paloma.<\/p>\n\n\n\n<figure class=\"wp-block-embed-youtube wp-block-embed is-type-video is-provider-youtube wp-embed-aspect-16-9 wp-has-aspect-ratio\"><div class=\"wp-block-embed__wrapper\">\n<iframe title=\"Liviu Teodorescu - Unde Iti Zboara Gandul? | Official Video\" width=\"1140\" height=\"641\" src=\"https:\/\/www.youtube.com\/embed\/QLoQWKZ_NLM?feature=oembed\" frameborder=\"0\" allow=\"accelerometer; autoplay; clipboard-write; encrypted-media; gyroscope; picture-in-picture; web-share\" allowfullscreen><\/iframe>\n<\/div><\/figure>\n\n\n\n<p class=\"wp-block-paragraph\"><a href=\"https:\/\/www.infomusic.ro\/videoclip\/liviu-teodorescu-unde-iti-zboara-gandul\/\">INFO MUSIC<\/a><\/p>\n","protected":false},"excerpt":{"rendered":"<p>\u201dUnde \u00ce\u021bi Zboar\u0103 G\u00e2ndul?\u201d, ne \u00eentreab\u0103 Liviu Teodorescu, inspirat de momentele \u00een care mintea zboar\u0103 acolo unde vrea ea. Melodia este compus\u0103 de artist, fiind acompaniat\u0103 de un videoclip filmat al\u0103turi de Criss Blaziny. Exist\u0103 numeroase momente \u00een care&nbsp;&#8220;c\u0103dem pe ganduri&#8221;, desprin\u0219i de prezent, trecut sau viitor. Un astfel de moment este descris \u0219i \u00een [&hellip;]<\/p>\n","protected":false},"author":1,"featured_media":0,"comment_status":"closed","ping_status":"closed","sticky":false,"template":"","format":"standard","meta":{"_crdt_document":"","footnotes":""},"categories":[4,3],"tags":[],"class_list":["post-2524","post","type-post","status-publish","format-standard","hentry","category-noutati","category-stars"],"_links":{"self":[{"href":"https:\/\/news-fm.ro\/index.php\/wp-json\/wp\/v2\/posts\/2524","targetHints":{"allow":["GET"]}}],"collection":[{"href":"https:\/\/news-fm.ro\/index.php\/wp-json\/wp\/v2\/posts"}],"about":[{"href":"https:\/\/news-fm.ro\/index.php\/wp-json\/wp\/v2\/types\/post"}],"author":[{"embeddable":true,"href":"https:\/\/news-fm.ro\/index.php\/wp-json\/wp\/v2\/users\/1"}],"replies":[{"embeddable":true,"href":"https:\/\/news-fm.ro\/index.php\/wp-json\/wp\/v2\/comments?post=2524"}],"version-history":[{"count":0,"href":"https:\/\/news-fm.ro\/index.php\/wp-json\/wp\/v2\/posts\/2524\/revisions"}],"wp:attachment":[{"href":"https:\/\/news-fm.ro\/index.php\/wp-json\/wp\/v2\/media?parent=2524"}],"wp:term":[{"taxonomy":"category","embeddable":true,"href":"https:\/\/news-fm.ro\/index.php\/wp-json\/wp\/v2\/categories?post=2524"},{"taxonomy":"post_tag","embeddable":true,"href":"https:\/\/news-fm.ro\/index.php\/wp-json\/wp\/v2\/tags?post=2524"}],"curies":[{"name":"wp","href":"https:\/\/api.w.org\/{rel}","templated":true}]}}