{"id":2517,"date":"2020-04-22T04:45:46","date_gmt":"2020-04-22T04:45:46","guid":{"rendered":"http:\/\/news-fm.ro\/?p=2517"},"modified":"2020-04-22T04:45:50","modified_gmt":"2020-04-22T04:45:50","slug":"cum-face-fata-randi-izolarii-singura-superputere-a-artistului-este-inspiratia","status":"publish","type":"post","link":"https:\/\/news-fm.ro\/index.php\/2020\/04\/22\/cum-face-fata-randi-izolarii-singura-superputere-a-artistului-este-inspiratia\/","title":{"rendered":"Cum face fa\u0163\u0103 Randi izol\u0103rii: \u201eSingura superputere a artistului este inspira\u0163ia\u201d"},"content":{"rendered":"\n<figure class=\"wp-block-image size-large\"><img fetchpriority=\"high\" decoding=\"async\" width=\"800\" height=\"533\" src=\"https:\/\/news-fm.ro\/wp-content\/uploads\/2018\/10\/randi-edward-sanda-interviu-infomusic-2018-8569-800x533.jpg\" alt=\"\" class=\"wp-image-618\" srcset=\"https:\/\/news-fm.ro\/wp-content\/uploads\/2018\/10\/randi-edward-sanda-interviu-infomusic-2018-8569-800x533.jpg 800w, https:\/\/news-fm.ro\/wp-content\/uploads\/2018\/10\/randi-edward-sanda-interviu-infomusic-2018-8569-800x533-300x200.jpg 300w, https:\/\/news-fm.ro\/wp-content\/uploads\/2018\/10\/randi-edward-sanda-interviu-infomusic-2018-8569-800x533-768x512.jpg 768w, https:\/\/news-fm.ro\/wp-content\/uploads\/2018\/10\/randi-edward-sanda-interviu-infomusic-2018-8569-800x533-500x333.jpg 500w\" sizes=\"(max-width: 800px) 100vw, 800px\" \/><\/figure>\n\n\n\n<p class=\"wp-block-paragraph\"><em>Muzica, poezia, filmele sau arta, crea\u021biile de suflet care ne \u00eencarc\u0103 cu emo\u021bii pozitive, sunt ceea ce avem nevoie, \u00een special \u00eentr-o perioad\u0103 \u00een care conectarea cu sinele este mai important\u0103 dec\u00e2t orice. Chiar \u0219i \u00een carantin\u0103, arti\u0219tii no\u0219tri nu iau pauz\u0103 de la crea\u021bie \u0219i noi lans\u0103ri \u00een care ne reg\u0103sim, ceea ce&nbsp;ne ofer\u0103 speran\u021b\u0103 c\u0103 nu suntem singuri \u00een experimentarea&nbsp;sentimentelor confuze care ne \u00eencearc\u0103&nbsp;\u00een perioada de izolare la domiciliu.<\/em><\/p>\n\n\n\n<p class=\"wp-block-paragraph\">Arti\u0219tii reu\u0219esc s\u0103 r\u0103m\u00e2n\u0103 productivi chiar \u0219i \u00een timpul distan\u021b\u0103rii sociale, iar noi suntem curio\u0219i cum \u00ee\u0219i p\u0103streaz\u0103 creativitatea \u00een fiecare zi. Urm\u0103torul artist intervievat la domiciliu este\u00a0<strong>Randi<\/strong>, carea lansat \u0219i o nou\u0103 pies\u0103 la \u00eenceputul perioadei de izolare &#8211;\u00a0<strong>\u201eSuflete \u00een carantin\u0103\u201d.\u00a0<\/strong>Mesajul piesei ne arat\u0103 c\u0103 doar iubirea \u0219i emo\u021bia pot supravie\u021bui \u00een orice condi\u021bii.\u00a0<em>Ce frumos!<\/em><\/p>\n\n\n\n<h4 class=\"wp-block-heading\"><strong>Suntem \u201eSuflete \u00een carantin\u0103\u201d<\/strong><\/h4>\n\n\n\n<p class=\"wp-block-paragraph\"><strong>Randi<\/strong>&nbsp;este unul dintre arti\u0219tii care muncesc \u00een lini\u0219te \u0219i ne prezint\u0103 mereu rezultate creative \u0219i \u00eenc\u0103rcate de sentimente personale, iar noua pies\u0103 a venit la fix pentru perioada care ne \u00eencearc\u0103 emo\u021bional.<\/p>\n\n\n\n<p class=\"wp-block-paragraph\">Artistul, care a compus \u0219i lucrat \u00een studioul de acas\u0103, declar\u0103 c\u0103 aceast\u0103 pies\u0103 pe care a preg\u0103tit-o timp de mai multe s\u0103pt\u0103m\u00e2ni se adreseaz\u0103 celor care sunt \u0219i se simt departe de cei dragi:\u00a0<strong>\u201eAm sim\u021bit ni\u0219te lucruri neobi\u0219nuite, noi, \u00een toat\u0103 aceast\u0103 perioad\u0103.\u201d\u00a0<\/strong><\/p>\n\n\n\n<p class=\"wp-block-paragraph\">Videoclipul piesei\u00a0<strong>\u201eSuflete \u00een carantin\u0103\u201d<\/strong>\u00a0este compus din imagini filmate \u00een casa lui Randi, cu efecte vizuale montate anterior \u0219i are c\u00e2teva mesaje perfecte pentru perioada distan\u021b\u0103rii sociale: singur\u0103tate, speran\u021b\u0103 sau apreciere.<\/p>\n\n\n\n<figure class=\"wp-block-embed-youtube wp-block-embed is-type-video is-provider-youtube wp-embed-aspect-16-9 wp-has-aspect-ratio\"><div class=\"wp-block-embed__wrapper\">\n<iframe title=\"Randi - Suflete in carantina | Isolation Visual\" width=\"1140\" height=\"641\" src=\"https:\/\/www.youtube.com\/embed\/xDEqbm1tte8?feature=oembed\" frameborder=\"0\" allow=\"accelerometer; autoplay; clipboard-write; encrypted-media; gyroscope; picture-in-picture; web-share\" allowfullscreen><\/iframe>\n<\/div><\/figure>\n\n\n\n<p class=\"wp-block-paragraph\">Am p\u0103truns virtual timp de c\u00e2teva minute \u00een casa, \u0219i mai nou, studioul lui, pentru un scurt interviu video, pentru a afla cum se desf\u0103\u0219oar\u0103 la el o zi de izolare, ce rutin\u0103 adopt\u0103 pentru a se men\u021bine creativ, dar \u0219i ce colabor\u0103ri muzicale ne-a\u00a0preg\u0103tit \u00een tot acest timp.<\/p>\n\n\n\n<p class=\"wp-block-paragraph\">Cum alimenteaz\u0103 Randi singura superputere a artistului, inspira\u021bia:\u00a0<strong>\u201eSingura superputere a artistului este inspira\u021bia. Talentul e ceva genetic, dar se \u0219i educ\u0103.\u00a0Am \u00eenceput s\u0103 citesc, s\u0103 fac yoga \u0219i stretching, pentru c\u0103 am fost destul de \u00eencordat \u00een ultima perioad\u0103. Citesc mai mult c\u0103r\u021bi de dezvoltare personal\u0103, pentru c\u0103 m\u0103 ajut\u0103 mai mult dec\u00e2t orice<em>.<\/em>\u201d<\/strong><\/p>\n\n\n\n<p class=\"wp-block-paragraph\">O zi \u00een izolare\u00a0pentru Randi \u00eenseamn\u0103 mult sport, m\u00e2ncare, muzic\u0103, pauz\u0103 de relaxare \u00een curte \u0219i treburi casnice \u0219i &#8230; mai mult sport.<\/p>\n\n\n\n<p class=\"wp-block-paragraph\">Primul loc unde ar vrea s\u0103 mearg\u0103 dup\u0103 carantin\u0103 este la p\u0103rin\u021bii lui, iar apoi la Valea Doftanei, cu cortul, al\u0103turi de mai mul\u021bi prieteni.&nbsp;<\/p>\n\n\n\n<p class=\"wp-block-paragraph\">De Pa\u015fte, Randi a r\u0103mas acas\u0103 \u0219i ne-a m\u0103rturisit c\u0103 nu este adeptul m\u00e2nc\u0103rii tradi\u021bionale.<\/p>\n\n\n\n<h4 class=\"wp-block-heading\"><strong>Prima colaborare cu Connect-R<\/strong><\/h4>\n\n\n\n<p class=\"wp-block-paragraph\">Randi nu ia pauz\u0103 de la muzic\u0103 \u00een timpul carantinei&nbsp;\u0219i&nbsp;ne promite mai multe surprize pe plan muzical.<\/p>\n\n\n\n<p class=\"wp-block-paragraph\">Artistul Famous Production ne-a m\u0103rturisit c\u0103 preg\u0103te\u0219te prima colaborare cu&nbsp;<strong>Connect-R<\/strong>, cu care \u00ee\u0219i dorea s\u0103 lucreze&nbsp;de mult timp. Piesa este proasp\u0103t terminat\u0103 \u0219i preg\u0103tit\u0103 de lansare, iar mesajul ei este legat tot de perioada de izolare, vorbind despre dep\u0103rtarea intim\u0103 dintre oameni.<\/p>\n\n\n\n<p class=\"wp-block-paragraph\">Abia a\u0219tept\u0103m s\u0103 vedem ce iese.&nbsp;<strong>Co..Randi?<\/strong>&nbsp;V-a\u021bi prins voi. \ud83d\ude42<\/p>\n\n\n\n<p class=\"wp-block-paragraph\"><a href=\"https:\/\/www.unsitedemuzica.ro\/special\/INTERVIU-Cum-face-fata-Randi-izolarii-Singura-superputere-a-artistului-este-inspiratia-p9793\">UN SITE DE MUZICA<\/a><\/p>\n\n\n\n<p class=\"wp-block-paragraph\"><\/p>\n","protected":false},"excerpt":{"rendered":"<p>Muzica, poezia, filmele sau arta, crea\u021biile de suflet care ne \u00eencarc\u0103 cu emo\u021bii pozitive, sunt ceea ce avem nevoie, \u00een special \u00eentr-o perioad\u0103 \u00een care conectarea cu sinele este mai important\u0103 dec\u00e2t orice. Chiar \u0219i \u00een carantin\u0103, arti\u0219tii no\u0219tri nu iau pauz\u0103 de la crea\u021bie \u0219i noi lans\u0103ri \u00een care ne reg\u0103sim, ceea ce&nbsp;ne ofer\u0103 [&hellip;]<\/p>\n","protected":false},"author":1,"featured_media":618,"comment_status":"closed","ping_status":"closed","sticky":false,"template":"","format":"standard","meta":{"_crdt_document":"","footnotes":""},"categories":[3],"tags":[],"class_list":["post-2517","post","type-post","status-publish","format-standard","has-post-thumbnail","hentry","category-stars"],"_links":{"self":[{"href":"https:\/\/news-fm.ro\/index.php\/wp-json\/wp\/v2\/posts\/2517","targetHints":{"allow":["GET"]}}],"collection":[{"href":"https:\/\/news-fm.ro\/index.php\/wp-json\/wp\/v2\/posts"}],"about":[{"href":"https:\/\/news-fm.ro\/index.php\/wp-json\/wp\/v2\/types\/post"}],"author":[{"embeddable":true,"href":"https:\/\/news-fm.ro\/index.php\/wp-json\/wp\/v2\/users\/1"}],"replies":[{"embeddable":true,"href":"https:\/\/news-fm.ro\/index.php\/wp-json\/wp\/v2\/comments?post=2517"}],"version-history":[{"count":0,"href":"https:\/\/news-fm.ro\/index.php\/wp-json\/wp\/v2\/posts\/2517\/revisions"}],"wp:featuredmedia":[{"embeddable":true,"href":"https:\/\/news-fm.ro\/index.php\/wp-json\/wp\/v2\/media\/618"}],"wp:attachment":[{"href":"https:\/\/news-fm.ro\/index.php\/wp-json\/wp\/v2\/media?parent=2517"}],"wp:term":[{"taxonomy":"category","embeddable":true,"href":"https:\/\/news-fm.ro\/index.php\/wp-json\/wp\/v2\/categories?post=2517"},{"taxonomy":"post_tag","embeddable":true,"href":"https:\/\/news-fm.ro\/index.php\/wp-json\/wp\/v2\/tags?post=2517"}],"curies":[{"name":"wp","href":"https:\/\/api.w.org\/{rel}","templated":true}]}}