{"id":2514,"date":"2020-04-22T04:40:16","date_gmt":"2020-04-22T04:40:16","guid":{"rendered":"http:\/\/news-fm.ro\/?p=2514"},"modified":"2020-04-22T04:40:18","modified_gmt":"2020-04-22T04:40:18","slug":"eminem-un-exemplu-pentru-toti-a-sarbatorit-12-ani-fara-alcool-si-droguri","status":"publish","type":"post","link":"https:\/\/news-fm.ro\/index.php\/2020\/04\/22\/eminem-un-exemplu-pentru-toti-a-sarbatorit-12-ani-fara-alcool-si-droguri\/","title":{"rendered":"Eminem, un exemplu pentru to\u0163i &#8211; a s\u0103rb\u0103torit 12 ani f\u0103r\u0103 alcool \u015fi droguri"},"content":{"rendered":"\n<figure class=\"wp-block-image size-large\"><img decoding=\"async\" src=\"https:\/\/news-fm.ro\/wp-content\/uploads\/2020\/04\/eminem-coperta-godzilla-800x487-1.jpg\" alt=\"\" class=\"wp-image-2515\"\/><\/figure>\n\n\n\n<p class=\"wp-block-paragraph\">\u00cen timp ce toat\u0103 lumea s\u0103rb\u0103torea 4\/20, Ziua Marijuanei, Eminem s\u0103rb\u0103torea 12 ani f\u0103r\u0103 alcool \u0219i droguri.&nbsp;<\/p>\n\n\n\n<p class=\"wp-block-paragraph\">E cunoscut faptul c\u0103 rapperul a fost mult timp dependent de pastile, iar \u00een 2007 a f\u0103cut chiar o supradoz\u0103 de metadon\u0103, din care a sc\u0103pat ca printr-o minune. De fapt, la un an distan\u021b\u0103 de acel moment, Eminem a renun\u021bat total la toate dependen\u021bele \u0219i obiceiurile autodistructive.<\/p>\n\n\n\n<p class=\"wp-block-paragraph\">Realizarea a fost s\u0103rb\u0103torit\u0103 de rapper pe contul de Twitter, unde a postat o poz\u0103 cu moneda pe care a primit-o \u00een cadrul programului Alcoolici Anonimi pentru \u00eemplinirea a 12 ani de abstinen\u021b\u0103 de la substan\u021be \u0219i alcool.&nbsp;&nbsp;<\/p>\n\n\n\n<blockquote class=\"wp-block-quote is-layout-flow wp-block-quote-is-layout-flow\"><p>\u201e<strong>12 ani cura\u021bi trecu\u021bi \u00een cont! Nu mi-e fric\u0103!<\/strong>\u201d, a fost mesajul care a \u00eenso\u021bit poza.<\/p><\/blockquote>\n\n\n\n<p class=\"wp-block-paragraph\">\u00cen primul an de abstinen\u021b\u0103, Eminem a lansat albumul \u201eRelapse\u201d (2008) \u0219i a fost testul superm pentru el, pentru c\u0103 atunci \u0219i-a dat seama c\u0103 poate face ceea ce iube\u0219te cel mai mult f\u0103r\u0103 droguri \u0219i alcool.\u00a0<\/p>\n\n\n\n<p class=\"wp-block-paragraph\"><a href=\"https:\/\/www.unsitedemuzica.ro\/stiri\/Eminem-un-exemplu-pentru-toti-a-sarbatorit-12-ani-fara-alcool-si-droguri-p9781\">UN SITE DE MUZICA<\/a><\/p>\n","protected":false},"excerpt":{"rendered":"<p>\u00cen timp ce toat\u0103 lumea s\u0103rb\u0103torea 4\/20, Ziua Marijuanei, Eminem s\u0103rb\u0103torea 12 ani f\u0103r\u0103 alcool \u0219i droguri.&nbsp; E cunoscut faptul c\u0103 rapperul a fost mult timp dependent de pastile, iar \u00een 2007 a f\u0103cut chiar o supradoz\u0103 de metadon\u0103, din care a sc\u0103pat ca printr-o minune. De fapt, la un an distan\u021b\u0103 de acel moment, [&hellip;]<\/p>\n","protected":false},"author":1,"featured_media":0,"comment_status":"closed","ping_status":"closed","sticky":false,"template":"","format":"standard","meta":{"_crdt_document":"","footnotes":""},"categories":[3],"tags":[],"class_list":["post-2514","post","type-post","status-publish","format-standard","hentry","category-stars"],"_links":{"self":[{"href":"https:\/\/news-fm.ro\/index.php\/wp-json\/wp\/v2\/posts\/2514","targetHints":{"allow":["GET"]}}],"collection":[{"href":"https:\/\/news-fm.ro\/index.php\/wp-json\/wp\/v2\/posts"}],"about":[{"href":"https:\/\/news-fm.ro\/index.php\/wp-json\/wp\/v2\/types\/post"}],"author":[{"embeddable":true,"href":"https:\/\/news-fm.ro\/index.php\/wp-json\/wp\/v2\/users\/1"}],"replies":[{"embeddable":true,"href":"https:\/\/news-fm.ro\/index.php\/wp-json\/wp\/v2\/comments?post=2514"}],"version-history":[{"count":0,"href":"https:\/\/news-fm.ro\/index.php\/wp-json\/wp\/v2\/posts\/2514\/revisions"}],"wp:attachment":[{"href":"https:\/\/news-fm.ro\/index.php\/wp-json\/wp\/v2\/media?parent=2514"}],"wp:term":[{"taxonomy":"category","embeddable":true,"href":"https:\/\/news-fm.ro\/index.php\/wp-json\/wp\/v2\/categories?post=2514"},{"taxonomy":"post_tag","embeddable":true,"href":"https:\/\/news-fm.ro\/index.php\/wp-json\/wp\/v2\/tags?post=2514"}],"curies":[{"name":"wp","href":"https:\/\/api.w.org\/{rel}","templated":true}]}}