{"id":2509,"date":"2020-04-22T04:30:07","date_gmt":"2020-04-22T04:30:07","guid":{"rendered":"http:\/\/news-fm.ro\/?p=2509"},"modified":"2020-04-22T04:30:10","modified_gmt":"2020-04-22T04:30:10","slug":"video-sam-smith-demi-lovato-im-ready","status":"publish","type":"post","link":"https:\/\/news-fm.ro\/index.php\/2020\/04\/22\/video-sam-smith-demi-lovato-im-ready\/","title":{"rendered":"Video: Sam Smith, Demi Lovato &#8211; I\u2019m Ready"},"content":{"rendered":"\n<figure class=\"wp-block-image size-large\"><img decoding=\"async\" src=\"https:\/\/news-fm.ro\/wp-content\/uploads\/2019\/07\/sam-smith.jpg\" alt=\"\" class=\"wp-image-1586\"\/><\/figure>\n\n\n\n<p class=\"wp-block-paragraph\">Sam Smith \u015fi Demi Lovato au lansat mult a\u015fteptata colaborare &#8220;I&#8217;m Ready&#8221;, cu un vidoeoclip plin de wrestling, drag queens \u015fi sclipici. TikTok joac\u0103 un rol important \u00een acest material video, care e un soi de olimpiad\u0103 a personajelor exuberante.<\/p>\n\n\n\n<p class=\"wp-block-paragraph\">Dac\u0103 tot nu avem&nbsp;<strong>Jocuri Olimpice<\/strong>&nbsp;\u00een Tokyo \u00een acest an,&nbsp;<strong>Sam Smith<\/strong>&nbsp;\u015fi&nbsp;<strong>Demi Lovato<\/strong>&nbsp;au realizat propria Olimpiad\u0103 \u00een acest&nbsp;<strong>videoclip nou<\/strong>.<strong>&nbsp;&#8220;I&#8217;m Ready&#8221;<\/strong>&nbsp;are acel crescendo spre refren care face melodia \u00een\u0103l\u0163\u0103toare \u015fi valabil\u0103 ca imn de \u00eemputernicire pentru cei care se simt descuraja\u0163i. Probele olimpice din clip includ wrestling, \u00eenot, cal cu m\u00e2nere, gimnastic\u0103 la sol \u015fi aparent \u015fi provoc\u0103ri coregrafice. Sam Smith nu se fere\u015fte s\u0103 intre la o sesiune de wrestling chiar la \u00eenceputul video-ului.<\/p>\n\n\n\n<p class=\"wp-block-paragraph\">Demi Lovato se mul\u0163ume\u015fte cu defilarea printre piscinele olimpice, \u00een vreme ce spre final \u00eei vedem pe\u00a0ambii arti\u015fti\u00a0afi\u015f\u00e2ndu-se cu medalii de aur la g\u00e2t. Figuri \u00eembr\u0103cate ca ni\u015fte statui \u00eei \u00eenso\u0163esc \u015fi cu to\u0163ii ocup\u0103 locul \u00eent\u00e2i pe podium. Dac\u0103 piesa \u015fi clipul ar fi debutat \u00een aceast\u0103 var\u0103, cu siguran\u0163\u0103 ar fi avut un loc printre imnurile Olimpiadei. Arti\u015ftii au descris acest single c\u0103 &#8220;povestea momentului c\u00e2nd te \u00eendr\u0103goste\u015fti de cineva special&#8221;. Putem asocia asta cu saltul \u00eentr-o piscin\u0103 de la mare \u00een\u0103l\u0163ime, judec\u00e2nd dup\u0103 materialul vizual. Noul video a fost regizat de c\u0103tre Jora Frantzis \u015fi de coregrafie s-a ocupat Sean Bankhead.<\/p>\n\n\n\n<p class=\"wp-block-paragraph\">Un cor gospel confer\u0103 extra emo\u0163ie \u015fi putere vocilor celor doi. &#8220;I&#8217;m Ready&#8221; este primul single de pe viitorul album al lui Sam Smith, al treilea din cariera sa, care va sosi spre finalul anului. LP-ul a fost am\u00e2nat \u015fi a avut o schimbare de titlu, pentru c\u0103 &#8220;To Die For&#8221; nu mai pare o idee bun\u0103 \u00een contextul pandemiei Covid-19. Discul ar fi trebuit s\u0103 debuteze pe 1 mai.<\/p>\n\n\n\n<p class=\"wp-block-paragraph\">Piesa titular\u0103\u00a0debutase \u00een februarie, cu un videoclip \u00een care Smith \u00ee\u015fi deschidea un magazin de peruci, dar \u00een acela\u015fi timp ajungea \u015fi manechin ce prinde via\u0163\u0103. Smith \u015fi Lovato au \u0163inut un apel video cu fanii pentru a \u00ee\u015fi aminti de momentul c\u00e2nd au compus piesa \u00eempreun\u0103. Au glumit \u015fi c\u0103 au creat o Olimpiad\u0103 Queer\/ LGBTQ, exact lucrul de care are lumea nevoie \u00een acest moment.\u00a0Demi Lovato\u00a0vine dup\u0103 o reprezenta\u0163ie emo\u0163ionant\u0103 la Premiile Grammy din acest an, care a ridicat publicul \u00een picioare.<\/p>\n\n\n\n<figure class=\"wp-block-embed-youtube wp-block-embed is-type-video is-provider-youtube wp-embed-aspect-16-9 wp-has-aspect-ratio\"><div class=\"wp-block-embed__wrapper\">\n<iframe title=\"Sam Smith, Demi Lovato - I&#039;m Ready (Official Music Video)\" width=\"1140\" height=\"641\" src=\"https:\/\/www.youtube.com\/embed\/glD1M418bC0?feature=oembed\" frameborder=\"0\" allow=\"accelerometer; autoplay; clipboard-write; encrypted-media; gyroscope; picture-in-picture; web-share\" allowfullscreen><\/iframe>\n<\/div><\/figure>\n\n\n\n<p class=\"wp-block-paragraph\"><a href=\"https:\/\/www.infomusic.ro\/videoclip\/sam-smith-demi-lovato-im-ready\/\">INFO MUSIC<\/a><\/p>\n","protected":false},"excerpt":{"rendered":"<p>Sam Smith \u015fi Demi Lovato au lansat mult a\u015fteptata colaborare &#8220;I&#8217;m Ready&#8221;, cu un vidoeoclip plin de wrestling, drag queens \u015fi sclipici. TikTok joac\u0103 un rol important \u00een acest material video, care e un soi de olimpiad\u0103 a personajelor exuberante. Dac\u0103 tot nu avem&nbsp;Jocuri Olimpice&nbsp;\u00een Tokyo \u00een acest an,&nbsp;Sam Smith&nbsp;\u015fi&nbsp;Demi Lovato&nbsp;au realizat propria Olimpiad\u0103 \u00een [&hellip;]<\/p>\n","protected":false},"author":1,"featured_media":0,"comment_status":"closed","ping_status":"closed","sticky":false,"template":"","format":"standard","meta":{"_crdt_document":"","footnotes":""},"categories":[4,3],"tags":[],"class_list":["post-2509","post","type-post","status-publish","format-standard","hentry","category-noutati","category-stars"],"_links":{"self":[{"href":"https:\/\/news-fm.ro\/index.php\/wp-json\/wp\/v2\/posts\/2509","targetHints":{"allow":["GET"]}}],"collection":[{"href":"https:\/\/news-fm.ro\/index.php\/wp-json\/wp\/v2\/posts"}],"about":[{"href":"https:\/\/news-fm.ro\/index.php\/wp-json\/wp\/v2\/types\/post"}],"author":[{"embeddable":true,"href":"https:\/\/news-fm.ro\/index.php\/wp-json\/wp\/v2\/users\/1"}],"replies":[{"embeddable":true,"href":"https:\/\/news-fm.ro\/index.php\/wp-json\/wp\/v2\/comments?post=2509"}],"version-history":[{"count":0,"href":"https:\/\/news-fm.ro\/index.php\/wp-json\/wp\/v2\/posts\/2509\/revisions"}],"wp:attachment":[{"href":"https:\/\/news-fm.ro\/index.php\/wp-json\/wp\/v2\/media?parent=2509"}],"wp:term":[{"taxonomy":"category","embeddable":true,"href":"https:\/\/news-fm.ro\/index.php\/wp-json\/wp\/v2\/categories?post=2509"},{"taxonomy":"post_tag","embeddable":true,"href":"https:\/\/news-fm.ro\/index.php\/wp-json\/wp\/v2\/tags?post=2509"}],"curies":[{"name":"wp","href":"https:\/\/api.w.org\/{rel}","templated":true}]}}