{"id":2507,"date":"2020-04-17T04:45:18","date_gmt":"2020-04-17T04:45:18","guid":{"rendered":"http:\/\/news-fm.ro\/?p=2507"},"modified":"2020-04-17T04:45:23","modified_gmt":"2020-04-17T04:45:23","slug":"bon-jovi-amana-lansarea-noului-album","status":"publish","type":"post","link":"https:\/\/news-fm.ro\/index.php\/2020\/04\/17\/bon-jovi-amana-lansarea-noului-album\/","title":{"rendered":"Bon Jovi am\u00e2n\u0103 lansarea noului album"},"content":{"rendered":"\n<figure class=\"wp-block-image size-large\"><img decoding=\"async\" src=\"https:\/\/news-fm.ro\/wp-content\/uploads\/2019\/11\/bonjoviband2016-500.jpg\" alt=\"\" class=\"wp-image-1892\"\/><\/figure>\n\n\n\n<p class=\"wp-block-paragraph\">Programat\u0103 ini\u021bial pentru 15 mai, lansarea<strong>\u00a0Bon Jovi: 2020<\/strong>\u00a0se am\u00e2n\u0103.<\/p>\n\n\n\n<p class=\"wp-block-paragraph\">David Bryan, membru fondator al trupei americane, se recupereaz\u0103 dup\u0103 diagnosticarea cu COVID-19 \u00een urm\u0103 cu c\u00e2teva s\u0103pt\u0103m\u00e2ni.<\/p>\n\n\n\n<p class=\"wp-block-paragraph\">Albumul, 15-lea din discografia grupului, va reuni c\u00e2ntece cu tematic\u0103 social\u0103, inclusiv despre veterani \u015fi stres post-traumatic, despre atacurile armate din Ohio \u015fi Texas.<\/p>\n\n\n\n<p class=\"wp-block-paragraph\">Pandemia a inspirat c\u00e2ntecul\u00a0<strong>Do What You Can<\/strong>, care va fi inclus pe disc.<\/p>\n\n\n\n<figure class=\"wp-block-embed-youtube wp-block-embed is-type-video is-provider-youtube wp-embed-aspect-16-9 wp-has-aspect-ratio\"><div class=\"wp-block-embed__wrapper\">\n<iframe title=\"Do What You Can\" width=\"1140\" height=\"641\" src=\"https:\/\/www.youtube.com\/embed\/U7RomndOj1w?feature=oembed\" frameborder=\"0\" allow=\"accelerometer; autoplay; clipboard-write; encrypted-media; gyroscope; picture-in-picture; web-share\" allowfullscreen><\/iframe>\n<\/div><\/figure>\n\n\n\n<p class=\"wp-block-paragraph\">\u00cen aceast\u0103 perioad\u0103, solistul Jon Bon Jovi se concentreaz\u0103 pe organizarea evenimentului caritabil\u00a0<strong>Jersey 4 Jersey<\/strong>, care se va desf\u0103\u0219ura online pe 22 aprilie, \u0219i la care \u0219i-au anun\u021bat prezen\u021ba, \u00eentre al\u0163ii, Bruce Springsteen \u015fi Halsey.<\/p>\n\n\n\n<p class=\"wp-block-paragraph\">Fondat\u0103 \u00een 1983, Bon Jovi a concertat, \u00een iulie 2019, la Bucure\u015fti, \u00een cadrul turneului&nbsp;<strong>This House is Not For Sale<\/strong>.<\/p>\n\n\n\n<p class=\"wp-block-paragraph\">Trupa a fost inclus\u0103, \u00een 2018, \u00een\u00a0<strong>Rock and Roll Hall of Fame<\/strong>.<\/p>\n\n\n\n<p class=\"wp-block-paragraph\"><a href=\"https:\/\/www.europafm.ro\/bon-jovi-amana-lansarea-noului-album\/\">EUROPA FM<\/a><\/p>\n","protected":false},"excerpt":{"rendered":"<p>Programat\u0103 ini\u021bial pentru 15 mai, lansarea\u00a0Bon Jovi: 2020\u00a0se am\u00e2n\u0103. David Bryan, membru fondator al trupei americane, se recupereaz\u0103 dup\u0103 diagnosticarea cu COVID-19 \u00een urm\u0103 cu c\u00e2teva s\u0103pt\u0103m\u00e2ni. Albumul, 15-lea din discografia grupului, va reuni c\u00e2ntece cu tematic\u0103 social\u0103, inclusiv despre veterani \u015fi stres post-traumatic, despre atacurile armate din Ohio \u015fi Texas. Pandemia a inspirat c\u00e2ntecul\u00a0Do [&hellip;]<\/p>\n","protected":false},"author":1,"featured_media":0,"comment_status":"closed","ping_status":"closed","sticky":false,"template":"","format":"standard","meta":{"_crdt_document":"","footnotes":""},"categories":[2],"tags":[],"class_list":["post-2507","post","type-post","status-publish","format-standard","hentry","category-trupe"],"_links":{"self":[{"href":"https:\/\/news-fm.ro\/index.php\/wp-json\/wp\/v2\/posts\/2507","targetHints":{"allow":["GET"]}}],"collection":[{"href":"https:\/\/news-fm.ro\/index.php\/wp-json\/wp\/v2\/posts"}],"about":[{"href":"https:\/\/news-fm.ro\/index.php\/wp-json\/wp\/v2\/types\/post"}],"author":[{"embeddable":true,"href":"https:\/\/news-fm.ro\/index.php\/wp-json\/wp\/v2\/users\/1"}],"replies":[{"embeddable":true,"href":"https:\/\/news-fm.ro\/index.php\/wp-json\/wp\/v2\/comments?post=2507"}],"version-history":[{"count":0,"href":"https:\/\/news-fm.ro\/index.php\/wp-json\/wp\/v2\/posts\/2507\/revisions"}],"wp:attachment":[{"href":"https:\/\/news-fm.ro\/index.php\/wp-json\/wp\/v2\/media?parent=2507"}],"wp:term":[{"taxonomy":"category","embeddable":true,"href":"https:\/\/news-fm.ro\/index.php\/wp-json\/wp\/v2\/categories?post=2507"},{"taxonomy":"post_tag","embeddable":true,"href":"https:\/\/news-fm.ro\/index.php\/wp-json\/wp\/v2\/tags?post=2507"}],"curies":[{"name":"wp","href":"https:\/\/api.w.org\/{rel}","templated":true}]}}