{"id":250,"date":"2018-10-19T18:04:25","date_gmt":"2018-10-19T18:04:25","guid":{"rendered":"http:\/\/demo.stylishthemes.co\/mesh\/?p=250"},"modified":"2018-10-20T10:41:46","modified_gmt":"2018-10-20T10:41:46","slug":"music-is-one-of-the-most-important-and-powerful-things-in-my-life","status":"publish","type":"post","link":"https:\/\/news-fm.ro\/index.php\/2018\/10\/19\/music-is-one-of-the-most-important-and-powerful-things-in-my-life\/","title":{"rendered":"Videoclip oficial: Connect R &#8211; Repetent"},"content":{"rendered":"<div><span class=\"description\">Connect-R ne vorbe\u0219te despre gre\u0219elile pe care le repet\u0103m \u00een via\u021b\u0103, f\u0103r\u0103 a \u00een\u021belege cum le putem corecta. Noul single al artistului se nume\u0219te \u201dRepetent\u201d\u0219i are un vibe ce ne face s\u0103 ne amintim de perioada activit\u0103\u021bii sale \u00een R.A.C.L.A.<\/span><\/div>\n<div class=\"entry entry-content\"><span class=\"embed-youtube\"><iframe class=\"youtube-player\" src=\"https:\/\/www.youtube.com\/embed\/eKGfLt21dlo?version=3&amp;rel=0&amp;fs=1&amp;autohide=2&amp;showsearch=0&amp;showinfo=0&amp;iv_load_policy=1&amp;wmode=transparent\" width=\"800\" height=\"450\" allowfullscreen=\"allowfullscreen\" data-mce-fragment=\"1\"><\/iframe><\/span><\/p>\n<div class=\"videoclipsocial\">\n<div class=\"youtubesubscribe\"><\/div>\n<\/div>\n<blockquote><p>\u201dCe nu-n\u021belegi se repet\u0103, evident<\/p>\n<p>Mam\u0103, s\u0103 m\u0103 ier\u021bi, dar sunt iar\u0103 repetent\u201d, spune&nbsp;<strong>Connect-R<\/strong>&nbsp;\u00een versurile noului s\u0103u single.<\/p><\/blockquote>\n<p>\u201d<strong>Repetent<\/strong>\u201d are muzica \u0219i versurile semnate de artist, piesa fiind inspirat\u0103 din povestea sa de via\u021b\u0103.<strong>&nbsp;Connect R<\/strong>&nbsp;observ\u0103 caracterul ciclic al existen\u021bei, m\u0103rturisind c\u0103 are momente \u00een care se simte pierdut, neg\u0103sindu-\u0219i direc\u021bia.<\/p>\n<p>Acesta este cel de-al doilea single extras de pe noul album &#8220;<strong>Mul\u021bumesc<\/strong>&#8220;, pe care&nbsp;Connect-R \u00eel va lansa \u00een cur\u00e2nd. Anterior acestei melodii,&nbsp;Connect-R a lansat piesele, \u201d<a href=\"https:\/\/www.infomusic.ro\/videoclip\/videoclip-connect-r-incredere\/\">\u00cencredere<\/a>\u201d, \u201d<a href=\"https:\/\/www.infomusic.ro\/videoclip\/j-yolo-feat-connect-r-nicio-problema\/\">Nicio problem\u0103<\/a>\u201d, \u00een colaboare cu J. Yolo, \u201d<a href=\"https:\/\/www.infomusic.ro\/videoclip\/elianne-connect-r-ma-bate-inima\/\">M\u0103 bate inima<\/a>\u201d, \u00eempreun\u0103 cu Ellianne, \u0219i \u201d<a href=\"https:\/\/www.infomusic.ro\/videoclip\/connect-r-vinovat-special-guest-misha\/\">Vinovat<\/a>\u201d, al\u0103turi de Misha.<\/p>\n<p>De-a lungul carierei sale,&nbsp;<strong>Connect-R<\/strong>&nbsp;a jonglat cu rolurile de c\u00e2nt\u0103re\u021b, compozitor, actor, prezentator TV, dansator \u0219i produc\u0103tor. La numai 8 ani era deja un talentat dansator, la 15 ani hip-hop-ul devenind una dintre marile sale pasiuni. A intrat pentru prima dat\u0103 \u00een aten\u021bia publicului \u00een 1997 ca vocalist \u0219i mai t\u00e2rziu ca membru al forma\u021biei rap&nbsp;<strong>RACLA<\/strong>. A avut de-a lungul anilor colabor\u0103ri cu Loredana, Arsenium sau Simona Nae \u0219i de fiecare dat\u0103 a adus pieselor amprenta sa de R\u2019n\u2019B condimentat cu rap jamaican.<\/p>\n<p>\u00cen vara lui 2012,&nbsp;<strong>Connect-R<\/strong>&nbsp;a lansat \u201eimnul verii\u201d &#8211; piesa \u201e<strong>Vara nu dorm<\/strong>\u201d, care s-a men\u021binut pe primele locuri timp de 22 de s\u0103pt\u0103m\u00e2ni. Urm\u0103toarele piese, \u201eD\u0103-te-n dragostea mea\u201d \u0219i \u201e<a href=\"https:\/\/www.infomusic.ro\/videoclip\/connect-r-tren-de-noapte\/\">Tren de noapte<\/a>\u201d, au devenit \u0219i ele hituri. Ca artist solo, discografia sa cuprinde 3 albume: \u201eDac\u0103 dragostea dispare\u201d (2007), \u201dFrom Nothing to Something\u201d (2012) \u0219i \u201eDr\u0103gostit\u201d (2016).<\/p>\n<\/div>\n","protected":false},"excerpt":{"rendered":"<p>Connect-R ne vorbe\u0219te despre gre\u0219elile pe care le repet\u0103m \u00een via\u021b\u0103, f\u0103r\u0103 a \u00een\u021belege cum le putem corecta. Noul single al artistului se nume\u0219te \u201dRepetent\u201d\u0219i are un vibe ce ne face s\u0103 ne amintim de perioada activit\u0103\u021bii sale \u00een R.A.C.L.A. \u201dCe nu-n\u021belegi se repet\u0103, evident Mam\u0103, s\u0103 m\u0103 ier\u021bi, dar sunt iar\u0103 repetent\u201d, spune&nbsp;Connect-R&nbsp;\u00een versurile [&hellip;]<\/p>\n","protected":false},"author":1,"featured_media":591,"comment_status":"open","ping_status":"open","sticky":false,"template":"","format":"standard","meta":{"_crdt_document":"","footnotes":""},"categories":[5,3],"tags":[],"class_list":["post-250","post","type-post","status-publish","format-standard","has-post-thumbnail","hentry","category-melodii","category-stars"],"_links":{"self":[{"href":"https:\/\/news-fm.ro\/index.php\/wp-json\/wp\/v2\/posts\/250","targetHints":{"allow":["GET"]}}],"collection":[{"href":"https:\/\/news-fm.ro\/index.php\/wp-json\/wp\/v2\/posts"}],"about":[{"href":"https:\/\/news-fm.ro\/index.php\/wp-json\/wp\/v2\/types\/post"}],"author":[{"embeddable":true,"href":"https:\/\/news-fm.ro\/index.php\/wp-json\/wp\/v2\/users\/1"}],"replies":[{"embeddable":true,"href":"https:\/\/news-fm.ro\/index.php\/wp-json\/wp\/v2\/comments?post=250"}],"version-history":[{"count":0,"href":"https:\/\/news-fm.ro\/index.php\/wp-json\/wp\/v2\/posts\/250\/revisions"}],"wp:featuredmedia":[{"embeddable":true,"href":"https:\/\/news-fm.ro\/index.php\/wp-json\/wp\/v2\/media\/591"}],"wp:attachment":[{"href":"https:\/\/news-fm.ro\/index.php\/wp-json\/wp\/v2\/media?parent=250"}],"wp:term":[{"taxonomy":"category","embeddable":true,"href":"https:\/\/news-fm.ro\/index.php\/wp-json\/wp\/v2\/categories?post=250"},{"taxonomy":"post_tag","embeddable":true,"href":"https:\/\/news-fm.ro\/index.php\/wp-json\/wp\/v2\/tags?post=250"}],"curies":[{"name":"wp","href":"https:\/\/api.w.org\/{rel}","templated":true}]}}