{"id":2497,"date":"2020-04-17T04:27:10","date_gmt":"2020-04-17T04:27:10","guid":{"rendered":"http:\/\/news-fm.ro\/?p=2497"},"modified":"2020-04-17T04:27:13","modified_gmt":"2020-04-17T04:27:13","slug":"mega-show-ul-one-world-together-at-home-va-fi-difuzat-in-exclusivitate-in-romania-de-paramount-channel-si-comedy-central","status":"publish","type":"post","link":"https:\/\/news-fm.ro\/index.php\/2020\/04\/17\/mega-show-ul-one-world-together-at-home-va-fi-difuzat-in-exclusivitate-in-romania-de-paramount-channel-si-comedy-central\/","title":{"rendered":"Mega show-ul \u201eOne World: Together At Home\u201d va fi difuzat \u00een exclusivitate \u00een Rom\u00e2nia de Paramount Channel \u015fi Comedy Central"},"content":{"rendered":"\n<figure class=\"wp-block-image size-large\"><img decoding=\"async\" src=\"https:\/\/news-fm.ro\/wp-content\/uploads\/2020\/04\/One-World-Together-At-Home-1024x576.jpg\" alt=\"\" class=\"wp-image-2498\"\/><\/figure>\n\n\n\n<p class=\"wp-block-paragraph\">Evenimentul este dedicat personalului medical din \u00eentreaga lume implicat \u00een lupta \u00eempotriva COVID-19 \u0219i aduce \u00een fa\u021ba noastr\u0103 pe cei mai populari arti\u0219ti din industria muzical\u0103.<\/p>\n\n\n\n<p class=\"wp-block-paragraph\"><strong>Spectacolul va fi difuzat concomitent de mai multe posturi de televiziune la nivel global, iar \u00een Rom\u00e2nia avem \u0219ansa de a-l vedea pe data de 19 aprilie \u00een exclusivitate pe:<\/strong><\/p>\n\n\n\n<ul class=\"wp-block-list\"><li><strong>Paramount Channel <\/strong>&#8211; cu subtitr\u0103ri \u00een rom\u00e2n\u0103, de la ora <strong>19:00<\/strong><\/li><li><strong>Comedy Central<\/strong> &#8211; \u00eencep\u00e2nd cu ora <strong>23:00.<\/strong><\/li><\/ul>\n\n\n\n<p class=\"wp-block-paragraph\">Event-ul va fi difuzat \u0219i \u00een reluare, pe 21 aprilie, de la ora 03:15 pe Paramount Channel.<\/p>\n\n\n\n<p class=\"wp-block-paragraph\">Seara istoric\u0103 va fi prezentat\u0103 de cunoscutele gazde ale celebrelor emisiuni late night:\u00a0<strong>Jimmy Fallon &#8211; \u201eThe Tonight Show,\u201d Jimmy Kimmel &#8211; \u201eJimmy Kimmel Live\u201d \u0219i Stephen Colbert &#8211; \u201eTHE LATE SHOW with STEPHEN COLBERT\u201d.<\/strong><\/p>\n\n\n\n<figure class=\"wp-block-image size-large\"><img decoding=\"async\" src=\"https:\/\/news-fm.ro\/wp-content\/uploads\/2020\/04\/moderatori-1024x538.jpg\" alt=\"\" class=\"wp-image-2499\"\/><\/figure>\n\n\n\n<p class=\"wp-block-paragraph\">La eveniment vor participa \u0219i:<\/p>\n\n\n\n<ul class=\"wp-block-list\"><li>Alicia Keys<\/li><li>Amy Poehler<\/li><li>Awkwafina<\/li><li>Camila Cabello<\/li><li>Celine Dion<\/li><li>Ellen DeGeneres<\/li><li>Jennifer Lopez<\/li><li>LL COOL J<\/li><li>Lupita Nyong\u2019o<\/li><li>Matthew McConaughey<\/li><li>Oprah Winfrey<\/li><li>Pharrell Williams<\/li><li>Sam Smith<\/li><li>Shawn Mendes<\/li><li>Taylor Swift<\/li><li>Usher<\/li><li>Victoria Beckham<\/li><\/ul>\n\n\n\n<p class=\"wp-block-paragraph\">Lista arti\u0219tilor continu\u0103 cu nume precum:&nbsp;<strong>Alanis Morissette, Andrea Bocelli, Billie Eilish, Billie Joe Armstrong (solistul forma\u021biei Green Day), Burna Boy, Chris Martin, David Beckham, Eddie Vedder, Elton John, FINNEAS, Idris \u0219i Sabrina Elba, J Balvin, John Legend, Kacey Musgraves, Keith Urban, Kerry Washington, Lang Lang, Lizzo, Maluma, Paul McCartney, Priyanka Chopra Jonas, Shah Rukh Khan \u0219i Stevie Wonder.<\/strong><\/p>\n\n\n\n<p class=\"wp-block-paragraph\">\u00cen cadrul show-ului vor fi prezentate \u0219i materiale speciale cu experien\u021bele reale ale doctorilor, asistentelor \u0219i familiilor din jurul lumii.<\/p>\n\n\n\n<blockquote class=\"wp-block-quote is-layout-flow wp-block-quote-is-layout-flow\"><p><strong>\u201eEvenimentul \u00ee\u0219i propune s\u0103 fieo platform\u0103 de solidaritate \u0219i \u00eencurajare \u00een lupta global\u0103 \u00eempotriva virusului COVID-19. Prin intermediul muzicii \u0219i al divertismentului, acest show \u00eei va celebra pe to\u021bi cei care \u00ee\u0219i risc\u0103 propria s\u0103n\u0103tate pentru a ne proteja\u201d<\/strong>, a declarat HUGH EVANS, cofondator \u0219i CEO Global Citizen.<\/p><\/blockquote>\n\n\n\n<blockquote class=\"wp-block-quote is-layout-flow wp-block-quote-is-layout-flow\"><p><strong>\u201eChiar dac\u0103 suntem nevoi\u021bi s\u0103 fim separa\u021bi pentru o perioad\u0103, ne putem reuni virtual pentru a ne bucura de muzica excelent\u0103. Concertul ONE WORLD: TOGETHER AT HOME reprezint\u0103 o puternic\u0103 demonstra\u021bie de solidaritate \u00eempotriva unei amenin\u021b\u0103ri comune\u201d,<\/strong> spune Dr. TEDROS ADHANOM GHEBREYESUS, Director General OMS.<\/p><\/blockquote>\n\n\n\n<blockquote class=\"wp-block-quote is-layout-flow wp-block-quote-is-layout-flow\"><p><strong>\u201eSuntem m\u00e2ndri s\u0103 ne unim for\u021bele cu ONE WORLD: TOGETHER AT HOME pentru a ajuta la \u00eempiedicarea transmiterii virusului, a minimiza impactul social-economic asupra comunit\u0103\u021bii globale \u0219i a lucra \u00eempreun\u0103 pentru a promova Obiectivele Globale pentru viitor\u201d<\/strong>, declar\u0103 Secretarul General al Organiza\u021biei Na\u021biunilor Unite, ANT\u00d3NIO GUTERRES.<\/p><\/blockquote>\n\n\n\n<p class=\"wp-block-paragraph\"><a href=\"https:\/\/www.unsitedemuzica.ro\/stiri\/-Mega-show-ul-One-World-Together-At-Home-va-fi-difuzat-in-exclusivitate-in-Romania-de-Paramount-Channel-si-Comedy-Central-p9746\">UN SITE DE MUZICA<\/a><\/p>\n","protected":false},"excerpt":{"rendered":"<p>Evenimentul este dedicat personalului medical din \u00eentreaga lume implicat \u00een lupta \u00eempotriva COVID-19 \u0219i aduce \u00een fa\u021ba noastr\u0103 pe cei mai populari arti\u0219ti din industria muzical\u0103. Spectacolul va fi difuzat concomitent de mai multe posturi de televiziune la nivel global, iar \u00een Rom\u00e2nia avem \u0219ansa de a-l vedea pe data de 19 aprilie \u00een exclusivitate [&hellip;]<\/p>\n","protected":false},"author":1,"featured_media":0,"comment_status":"closed","ping_status":"closed","sticky":false,"template":"","format":"standard","meta":{"_crdt_document":"","footnotes":""},"categories":[4],"tags":[],"class_list":["post-2497","post","type-post","status-publish","format-standard","hentry","category-noutati"],"_links":{"self":[{"href":"https:\/\/news-fm.ro\/index.php\/wp-json\/wp\/v2\/posts\/2497","targetHints":{"allow":["GET"]}}],"collection":[{"href":"https:\/\/news-fm.ro\/index.php\/wp-json\/wp\/v2\/posts"}],"about":[{"href":"https:\/\/news-fm.ro\/index.php\/wp-json\/wp\/v2\/types\/post"}],"author":[{"embeddable":true,"href":"https:\/\/news-fm.ro\/index.php\/wp-json\/wp\/v2\/users\/1"}],"replies":[{"embeddable":true,"href":"https:\/\/news-fm.ro\/index.php\/wp-json\/wp\/v2\/comments?post=2497"}],"version-history":[{"count":0,"href":"https:\/\/news-fm.ro\/index.php\/wp-json\/wp\/v2\/posts\/2497\/revisions"}],"wp:attachment":[{"href":"https:\/\/news-fm.ro\/index.php\/wp-json\/wp\/v2\/media?parent=2497"}],"wp:term":[{"taxonomy":"category","embeddable":true,"href":"https:\/\/news-fm.ro\/index.php\/wp-json\/wp\/v2\/categories?post=2497"},{"taxonomy":"post_tag","embeddable":true,"href":"https:\/\/news-fm.ro\/index.php\/wp-json\/wp\/v2\/tags?post=2497"}],"curies":[{"name":"wp","href":"https:\/\/api.w.org\/{rel}","templated":true}]}}