{"id":2494,"date":"2020-04-17T04:20:40","date_gmt":"2020-04-17T04:20:40","guid":{"rendered":"http:\/\/news-fm.ro\/?p=2494"},"modified":"2020-04-17T04:20:43","modified_gmt":"2020-04-17T04:20:43","slug":"s-a-anulat-festivalul-tomorrowland-2020-din-cauza-coronavirusului-ce-se-intampla-cu-festivalurile-din-romania","status":"publish","type":"post","link":"https:\/\/news-fm.ro\/index.php\/2020\/04\/17\/s-a-anulat-festivalul-tomorrowland-2020-din-cauza-coronavirusului-ce-se-intampla-cu-festivalurile-din-romania\/","title":{"rendered":"S-a anulat Festivalul Tomorrowland 2020 din cauza coronavirusului. Ce se \u00eent\u00e2mpl\u0103 cu festivalurile din Rom\u00e2nia?"},"content":{"rendered":"\n<figure class=\"wp-block-image size-large\"><img decoding=\"async\" src=\"https:\/\/news-fm.ro\/wp-content\/uploads\/2020\/04\/tomorrowland-1024x576.jpg\" alt=\"\" class=\"wp-image-2495\"\/><\/figure>\n\n\n\n<p class=\"wp-block-paragraph\">E oficial. Cel mai mare festival din Europa, Festivalul Tomorrowland, nu va mai avea loc \u00een 2020, fiind anulat din cauza pandemiei de coronavirus.<\/p>\n\n\n\n<p class=\"wp-block-paragraph\">Anul acesta ar fi marcat cea de-a 16 edi\u021bie a festivalului.&nbsp;<\/p>\n\n\n\n<h3 class=\"wp-block-heading\"><strong>Festivalul Tomorrowland 2020 anulat de coronavirus<\/strong><\/h3>\n\n\n\n<p class=\"wp-block-paragraph\">Tomorrowland trebuia s\u0103 aib\u0103 loc \u00een dou\u0103 weekenduri din luna iulie (16-18 iulie \u015fi 23-25 iulie), \u00een comuna Boom, din Belgia, dar organizatorii au luat decizia de a anula edi\u021bia din acest an pentru a proteja siguran\u021ba \u0219i s\u0103n\u0103tatea tuturor celor implica\u021bi.<\/p>\n\n\n\n<blockquote class=\"wp-block-quote is-layout-flow wp-block-quote-is-layout-flow\"><p><strong>\u201eAcestea sunt vremuri excep\u021bionale pentru noi. \u00cen ultimele s\u0103pt\u0103m\u00e2ni ne-am consultat cu autorit\u0103\u021bile belgiene \u0219i cu exper\u021bi interna\u021bionali. Este misiunea noastr\u0103 s\u0103 unim sufletele din toat\u0103 lumea, dar de asemenea prioritatea noastr\u0103 num\u0103rul unu este siguran\u021ba \u0219i s\u0103n\u0103tatea \u00abOamenilor de M\u00e2ine\u00bb, a partenerilor \u0219i furnizorilor, vecinilor, arti\u0219tilor \u0219i a echipei noastre\u201d<\/strong><em>,<\/em>\u00a0au transmis organizatorii.\u00a0<\/p><\/blockquote>\n\n\n\n<h3 class=\"wp-block-heading\"><strong>Tomorrowland are loc abia \u00een 2021<\/strong><\/h3>\n\n\n\n<blockquote class=\"wp-block-quote is-layout-flow wp-block-quote-is-layout-flow\"><p><strong>\u201eV\u0103 inform\u0103m c\u0103 Tomorroland nu poate avea loc \u00een 2020.<\/strong><\/p><p><strong>\u00cen\u021belegem \u0219i sus\u021binem ordinele guvernamentale care au fost emise. Cea de-a 16-a edi\u021bie a Tomorroland va avea loc \u00een vara anului 2021 (16-18 iulie \u0219i 23-25 iulie).<\/strong><\/p><p><strong>Sta\u021bi acas\u0103, sp\u0103la\u021bi-v\u0103 pe m\u00e2ini \u0219i p\u0103stra\u021bi distan\u021ba fa\u021b\u0103 de ceilalt. Face\u021bi-o pentru voi, pentru cei pe care \u0103i iubi\u021bi \u0219i pentru personalul medical care lucreaz\u0103 ne\u00eencetat\u201d<\/strong>, mai transmit ei.<\/p><\/blockquote>\n\n\n\n<p class=\"wp-block-paragraph\">Din cauza anul\u0103rii festivalului, datorit\u0103 cererii uria\u015fe de bilete, Boom va pierde peste dou\u0103 milioane de euro.\u00a0<\/p>\n\n\n\n<h3 class=\"wp-block-heading\"><strong>Ce se \u00eent\u00e2mpl\u0103 cu NEVERSEA, UNTOLD \u0219i Electric Castle?<\/strong><\/h3>\n\n\n\n<p class=\"wp-block-paragraph\">\u00cen Rom\u00e2nia, organizatorii marilor festivaluri ale verii \u00eenc\u0103 nu f\u0103cut clar faptul c\u0103 acestea nu vor mai avea loc, ci specific\u0103 \u00een comunicate faptul c\u0103 preg\u0103tirile merg mai departe \u00een speran\u021ba c\u0103 situa\u021bia \u00ee\u0219i ve reveni la normal.<\/p>\n\n\n\n<p class=\"wp-block-paragraph\">NEVERSEA (2-6 iulie, Constan\u0163a),\u00a0UNTOLD\u00a0(30 iulie &#8211; 2 august, Cluj-Napoca) \u0219i\u00a0Electric Castle\u00a0(15 &#8211; 19 iulie, comunca Bon\u021bida) continu\u0103 s\u0103-\u0219i promoveze evenimentele \u0219i s\u0103 v\u00e2nd\u0103 bilete, de\u0219i, dac\u0103 privim la nivel mondial, este tot mai clar faptul c\u0103 aceste festivaluri nu ar trebui s\u0103 aib\u0103 loc \u00een condi\u021biile \u00een care pandemia de coronavirus nu se va fi terminat \u00een mijlocul verii. Iar efectele acestei boli se vor face sim\u021bite, pe mai multe niveluri, chiar \u0219i dincolo de var\u0103.\u00a0<\/p>\n\n\n\n<h3 class=\"wp-block-heading\"><strong>Nu po\u021bi returna biletele<\/strong><\/h3>\n\n\n\n<p class=\"wp-block-paragraph\">Pe de alt\u0103 parte, trebuie s\u0103 \u0219ti\u021bi c\u0103 \u00een cazul NEVERSEA \u0219i UNTOLD exist\u0103 o cauz\u0103 special\u0103 atunci c\u00e2nd cumperi bilete. Cu excep\u021bia celor din categoria \u201eRisk-free\u201d, adic\u0103 abonamente ce pot fi returnat pentru recuperarea banilor, celelalte tipuri de abonamente \u0219i bilete normale nu pot fi returnate.<\/p>\n\n\n\n<p class=\"wp-block-paragraph\">\u00cen regulamentul \u00eentocmit de organizatori se specific\u0103 faptul c\u0103 \u00een cazul anul\u0103rii acestor evenimente, din motive ce \u0163in de \u201efor\u0163\u0103 major\u0103\u201d, aici incluz\u00e2nd epidemii \u015fi pandemii, \u201econtravaloarea biletelor achizi\u0163ionate nu va fi restituit\u0103\u201d.<\/p>\n\n\n\n<p class=\"wp-block-paragraph\">A\u0219adar, chiar dac\u0103 festivalurile sunt anulate, organizatorii r\u0103m\u00e2n cu o garan\u021bie a banilor investi\u021bi, ceea ce \u00eenseamn\u0103 c\u0103 bilete cump\u0103rate acum sunt valabile pentru o dat\u0103 viitoare a desf\u0103\u0219ur\u0103rii lor.\u00a0<\/p>\n\n\n\n<figure class=\"wp-block-embed-youtube wp-block-embed is-type-video is-provider-youtube wp-embed-aspect-16-9 wp-has-aspect-ratio\"><div class=\"wp-block-embed__wrapper\">\n<iframe title=\"Nervo | Tomorrowland Belgium 2019\" width=\"1140\" height=\"641\" src=\"https:\/\/www.youtube.com\/embed\/zs0EAexTA4o?feature=oembed\" frameborder=\"0\" allow=\"accelerometer; autoplay; clipboard-write; encrypted-media; gyroscope; picture-in-picture; web-share\" allowfullscreen><\/iframe>\n<\/div><\/figure>\n\n\n\n<p class=\"wp-block-paragraph\"><strong><a href=\"https:\/\/www.unsitedemuzica.ro\/stiri\/S-a-anulat-Festivalul-Tomorrowland-2020-din-cauza-coronavirusului-Ce-se-intampla-cu-festivalurile-din-Romania-p9747\">UN SITE DE MUZICA<\/a><\/strong><\/p>\n","protected":false},"excerpt":{"rendered":"<p>E oficial. Cel mai mare festival din Europa, Festivalul Tomorrowland, nu va mai avea loc \u00een 2020, fiind anulat din cauza pandemiei de coronavirus. Anul acesta ar fi marcat cea de-a 16 edi\u021bie a festivalului.&nbsp; Festivalul Tomorrowland 2020 anulat de coronavirus Tomorrowland trebuia s\u0103 aib\u0103 loc \u00een dou\u0103 weekenduri din luna iulie (16-18 iulie \u015fi [&hellip;]<\/p>\n","protected":false},"author":1,"featured_media":0,"comment_status":"closed","ping_status":"closed","sticky":false,"template":"","format":"standard","meta":{"_crdt_document":"","footnotes":""},"categories":[4],"tags":[],"class_list":["post-2494","post","type-post","status-publish","format-standard","hentry","category-noutati"],"_links":{"self":[{"href":"https:\/\/news-fm.ro\/index.php\/wp-json\/wp\/v2\/posts\/2494","targetHints":{"allow":["GET"]}}],"collection":[{"href":"https:\/\/news-fm.ro\/index.php\/wp-json\/wp\/v2\/posts"}],"about":[{"href":"https:\/\/news-fm.ro\/index.php\/wp-json\/wp\/v2\/types\/post"}],"author":[{"embeddable":true,"href":"https:\/\/news-fm.ro\/index.php\/wp-json\/wp\/v2\/users\/1"}],"replies":[{"embeddable":true,"href":"https:\/\/news-fm.ro\/index.php\/wp-json\/wp\/v2\/comments?post=2494"}],"version-history":[{"count":0,"href":"https:\/\/news-fm.ro\/index.php\/wp-json\/wp\/v2\/posts\/2494\/revisions"}],"wp:attachment":[{"href":"https:\/\/news-fm.ro\/index.php\/wp-json\/wp\/v2\/media?parent=2494"}],"wp:term":[{"taxonomy":"category","embeddable":true,"href":"https:\/\/news-fm.ro\/index.php\/wp-json\/wp\/v2\/categories?post=2494"},{"taxonomy":"post_tag","embeddable":true,"href":"https:\/\/news-fm.ro\/index.php\/wp-json\/wp\/v2\/tags?post=2494"}],"curies":[{"name":"wp","href":"https:\/\/api.w.org\/{rel}","templated":true}]}}