{"id":2489,"date":"2020-04-16T04:39:25","date_gmt":"2020-04-16T04:39:25","guid":{"rendered":"http:\/\/news-fm.ro\/?p=2489"},"modified":"2020-04-16T04:39:29","modified_gmt":"2020-04-16T04:39:29","slug":"audio-loredana-a-lansat-o-varianta-reorchestrata-a-piesei-bun-ii-vinul-ghiurghiuliu","status":"publish","type":"post","link":"https:\/\/news-fm.ro\/index.php\/2020\/04\/16\/audio-loredana-a-lansat-o-varianta-reorchestrata-a-piesei-bun-ii-vinul-ghiurghiuliu\/","title":{"rendered":"AUDIO: Loredana a lansat o variant\u0103 reorchestrat\u0103 a piesei &#8220;Bun \u00eei vinul ghiurghiuliu&#8221;"},"content":{"rendered":"\n<figure class=\"wp-block-image size-large\"><img decoding=\"async\" src=\"https:\/\/news-fm.ro\/wp-content\/uploads\/2019\/10\/loredana-1.jpg\" alt=\"\" class=\"wp-image-1691\"\/><\/figure>\n\n\n\n<p class=\"wp-block-paragraph\"><strong>Loredana a preg\u0103tit lansarea albumului &#8220;Agurida XX (20)&#8221; \u0219i a prezentat publicului prima pies\u0103 de pe urm\u0103torul material discografic &#8211; &#8220;Bun \u00eei vinul ghiurghiuliu&#8221;.<\/strong><\/p>\n\n\n\n<p class=\"wp-block-paragraph\"><strong>Loredana<\/strong>&nbsp;va lansa s\u0103pt\u0103m\u00e2nal c\u00e2te o melodie de pe urm\u0103torul album &#8211; &#8220;Agurida 20&#8221;, pe canalul s\u0103u de YouTube.<\/p>\n\n\n\n<p class=\"wp-block-paragraph\">Piesa original\u0103 a devenit cunoscut\u0103 \u00een anul 1932, prin glasul Mariei T\u0103nase; istoria \u0219i-a urmat cursul firesc al muzicii, l\u0103s\u00e2nd loc multor reinterpret\u0103ri muzicale, printre care \u0219i cea a Loredanei, cu ajutorul bandei Agurida, cu care artista c\u00e2nta de 20 de ani, \u00een Rom\u00e2nia \u0219i \u00een afara grani\u021belor.<\/p>\n\n\n\n<p class=\"wp-block-paragraph\">Prin intermediul noului album, Loredana aduce un tribut folclorului autohton. Materialul include piese precum &#8220;Bun \u00eei vinul ghiurghiuliu&#8221;, &#8220;Nu \u0219i da&#8221;, &#8220;M\u0103rine, la nunta ta&#8221;, &#8220;Fetele din Bucure\u0219ti&#8221;, &#8220;Dragoste, buruian\u0103 rea&#8221;, &#8220;Regina triste\u021bii&#8221;, &#8220;Dep\u0103rtare&#8221;, &#8220;\u0218atra&#8221;, &#8220;Un trandafir&#8221; sau &#8220;Of, inimioar\u0103&#8221;.<\/p>\n\n\n\n<p class=\"wp-block-paragraph\">Chiar dac\u0103 lansarea albumului\u00a0<strong>&#8220;Agurida XX&#8221;<\/strong>\u00a0ar fi trebuit s\u0103 aib\u0103 loc cu ocazia concertului de la Sala Palatului, pe 11 aprilie, evenimentul a fost mutat \u00een toamna acestui an, pe 19 noiembrie. Fanii Loredanei sunt a\u0219tepta\u021bi s\u0103 petreac\u0103 al\u0103turi de ea, pe ritmurile folclorului rom\u00e2nesc, reinterpretat \u00een stilul surprinz\u0103tor al artistei.<\/p>\n\n\n\n<p class=\"wp-block-paragraph\"><strong>Loredana<\/strong>&nbsp;se reinventeaz\u0103 \u00een fiecare an \u0219i pentru fiecare genera\u021bie. Timp de peste trei decenii, Loredana a c\u00e2ntat despre iubire \u00een nenum\u0103rate genuri \u0219i stiluri, fie c\u0103 a interpretat muzic\u0103 pop, rock, popular\u0103, jazz, jamparale, blues sau musical. A c\u0103utat \u00een muzica sa toate defini\u021biile, nuan\u021bele \u0219i semnifica\u021biile cuvintelor care exprim\u0103 cele mai misterioase \u0219i puternice st\u0103ri suflete\u0219ti: iubire, dragoste, dor, nostalgie.<\/p>\n\n\n\n<p class=\"wp-block-paragraph\">La mai bine de trei decenii de carier\u0103, 24 de albume, peste 600 de c\u00e2ntece, \u0219i peste 2000 de concerte, Loredana se \u00eentoarce \u00een universul Aguridei, un t\u0103r\u00e2m fantastic, o alegorie de simboluri \u015fi tradi\u0163ii rom\u00e2ne\u015fti.<\/p>\n\n\n\n<figure class=\"wp-block-embed-youtube wp-block-embed is-type-video is-provider-youtube wp-embed-aspect-16-9 wp-has-aspect-ratio\"><div class=\"wp-block-embed__wrapper\">\n<iframe title=\"Loredana - Bun ii vinul ghiurghiuliu (Official Audio)\" width=\"1140\" height=\"641\" src=\"https:\/\/www.youtube.com\/embed\/GNZa7AWwvGQ?feature=oembed\" frameborder=\"0\" allow=\"accelerometer; autoplay; clipboard-write; encrypted-media; gyroscope; picture-in-picture; web-share\" allowfullscreen><\/iframe>\n<\/div><\/figure>\n\n\n\n<p class=\"wp-block-paragraph\"><strong><a href=\"https:\/\/www.infomusic.ro\/2020\/04\/loredana-a-lansat-o-varianta-reorchestrata-a-piesei-bun-ii-vinul-ghiurghiuliu-audio\/\">INFO MUSIC<\/a><\/strong><\/p>\n","protected":false},"excerpt":{"rendered":"<p>Loredana a preg\u0103tit lansarea albumului &#8220;Agurida XX (20)&#8221; \u0219i a prezentat publicului prima pies\u0103 de pe urm\u0103torul material discografic &#8211; &#8220;Bun \u00eei vinul ghiurghiuliu&#8221;. Loredana&nbsp;va lansa s\u0103pt\u0103m\u00e2nal c\u00e2te o melodie de pe urm\u0103torul album &#8211; &#8220;Agurida 20&#8221;, pe canalul s\u0103u de YouTube. Piesa original\u0103 a devenit cunoscut\u0103 \u00een anul 1932, prin glasul Mariei T\u0103nase; istoria [&hellip;]<\/p>\n","protected":false},"author":1,"featured_media":0,"comment_status":"closed","ping_status":"closed","sticky":false,"template":"","format":"standard","meta":{"_crdt_document":"","footnotes":""},"categories":[4],"tags":[],"class_list":["post-2489","post","type-post","status-publish","format-standard","hentry","category-noutati"],"_links":{"self":[{"href":"https:\/\/news-fm.ro\/index.php\/wp-json\/wp\/v2\/posts\/2489","targetHints":{"allow":["GET"]}}],"collection":[{"href":"https:\/\/news-fm.ro\/index.php\/wp-json\/wp\/v2\/posts"}],"about":[{"href":"https:\/\/news-fm.ro\/index.php\/wp-json\/wp\/v2\/types\/post"}],"author":[{"embeddable":true,"href":"https:\/\/news-fm.ro\/index.php\/wp-json\/wp\/v2\/users\/1"}],"replies":[{"embeddable":true,"href":"https:\/\/news-fm.ro\/index.php\/wp-json\/wp\/v2\/comments?post=2489"}],"version-history":[{"count":0,"href":"https:\/\/news-fm.ro\/index.php\/wp-json\/wp\/v2\/posts\/2489\/revisions"}],"wp:attachment":[{"href":"https:\/\/news-fm.ro\/index.php\/wp-json\/wp\/v2\/media?parent=2489"}],"wp:term":[{"taxonomy":"category","embeddable":true,"href":"https:\/\/news-fm.ro\/index.php\/wp-json\/wp\/v2\/categories?post=2489"},{"taxonomy":"post_tag","embeddable":true,"href":"https:\/\/news-fm.ro\/index.php\/wp-json\/wp\/v2\/tags?post=2489"}],"curies":[{"name":"wp","href":"https:\/\/api.w.org\/{rel}","templated":true}]}}