{"id":2484,"date":"2020-04-16T04:31:39","date_gmt":"2020-04-16T04:31:39","guid":{"rendered":"http:\/\/news-fm.ro\/?p=2484"},"modified":"2020-04-16T04:32:25","modified_gmt":"2020-04-16T04:32:25","slug":"asa-suna-imnul-invierii-compus-de-micutzu-aolo-mascatilor-ce-ati-facut-e-doispe-noaptea-v-ati-pus-pe-batut","status":"publish","type":"post","link":"https:\/\/news-fm.ro\/index.php\/2020\/04\/16\/asa-suna-imnul-invierii-compus-de-micutzu-aolo-mascatilor-ce-ati-facut-e-doispe-noaptea-v-ati-pus-pe-batut\/","title":{"rendered":"VIDEO: A\u015fa sun\u0103 \u201eImnul \u00cenvierii\u201d compus de Micutzu: \u201eAolo, masca\u0163ilor ce-a\u0163i f\u0103cut?\/ E doi\u015fpe noaptea, v-a\u0163i pus pe b\u0103tut\u201d"},"content":{"rendered":"\n<figure class=\"wp-block-image size-large\"><img decoding=\"async\" src=\"https:\/\/news-fm.ro\/wp-content\/uploads\/2020\/04\/MICUTZU.jpg\" alt=\"\" class=\"wp-image-2485\"\/><\/figure>\n\n\n\n<p class=\"wp-block-paragraph\">Acordul semnat \u00eentre Biserica Ortodox\u0103 \u0219i MAI a pus pe jar internetul \u0219i nu numai dup\u0103 ce Ministrul de Interne Marcel Vela a declarat c\u0103 for\u021bele de ordine vor ajuta BOR la \u00eemp\u0103r\u021birea luminii sfinte \u0219i a sfintelor pa\u0219ti \u00een seara \u00cenvierii.<\/p>\n\n\n\n<p class=\"wp-block-paragraph\">\u00centre timp, Pre\u0219edintele Rom\u00e2niei Klaus Iohannis i-a solicitat acestuia \u0219i premierului Orban s\u0103 se revin\u0103 asupra acordului. Iohannis sus\u021bine c\u0103 inten\u021biile sunt bune, dar&nbsp;<em>\u201enu s-a \u00een\u021beles foarte bine ce se dore\u0219te acolo\u201d.<\/em><\/p>\n\n\n\n<p class=\"wp-block-paragraph\">A\u0219a c\u0103 le-a transmis rom\u00e2nilor c\u0103 nu este cazul s\u0103 se relaxeze. \u201e<strong><em>Sta\u021bi acas\u0103, altfel, dup\u0103 s\u0103rb\u0103tori, vom avea \u00eenmorm\u00e2nt\u0103ri!\u201d<\/em><\/strong>, a fost mesajul pre\u0219edintelui.<\/p>\n\n\n\n<p class=\"wp-block-paragraph\">\u00cen toat\u0103 aceast\u0103 perioad\u0103, internetul a bubuit de glume la adresa lui Vela \u0219i a MAI-ului.\u00a0<\/p>\n\n\n\n<p class=\"wp-block-paragraph\">Micutzu a intrat \u0219i el \u00een acest bal \u0219i a compus \u0219i c\u00e2ntat \u201eimnul \u00cenvierii\u201d. Cam a\u0219a sun\u0103 o parte dintre versuri:<\/p>\n\n\n\n<blockquote class=\"wp-block-quote is-layout-flow wp-block-quote-is-layout-flow\"><p><strong>\u201eAolo, masca\u021bilor ce-a\u021bi f\u0103cut?<\/strong><\/p><p><strong>E doi\u0219pe noaptea, v-a\u021bi pus pe b\u0103tut<\/strong><\/p><p><strong>Berbecu\u2019 d\u0103r\u00e2m\u0103 u\u0219a, s\u0103 moar\u0103 Camila<\/strong><\/p><p><strong>Da\u2019 masca\u021bii, de fapt, a adus lumina!\u201d<\/strong><\/p><\/blockquote>\n\n\n\n<figure class=\"wp-block-embed-facebook wp-block-embed is-type-video is-provider-facebook\"><div class=\"wp-block-embed__wrapper\">\nhttps:\/\/www.facebook.com\/micutzu.standup.comedy\/videos\/273855230305627\/?v=273855230305627\n<\/div><\/figure>\n\n\n\n<p class=\"wp-block-paragraph\"><strong><a href=\"https:\/\/www.unsitedemuzica.ro\/stiri\/Asa-suna-Imnul-Invierii-compus-de-Micutzu-Aolo-mascatilor-ce-ati-facut-E-doispe-noaptea-v-ati-pus-pe-batut-p9741\">UN SITE DE MUZICA<\/a><\/strong><\/p>\n","protected":false},"excerpt":{"rendered":"<p>Acordul semnat \u00eentre Biserica Ortodox\u0103 \u0219i MAI a pus pe jar internetul \u0219i nu numai dup\u0103 ce Ministrul de Interne Marcel Vela a declarat c\u0103 for\u021bele de ordine vor ajuta BOR la \u00eemp\u0103r\u021birea luminii sfinte \u0219i a sfintelor pa\u0219ti \u00een seara \u00cenvierii. \u00centre timp, Pre\u0219edintele Rom\u00e2niei Klaus Iohannis i-a solicitat acestuia \u0219i premierului Orban s\u0103 [&hellip;]<\/p>\n","protected":false},"author":1,"featured_media":0,"comment_status":"closed","ping_status":"closed","sticky":false,"template":"","format":"standard","meta":{"_crdt_document":"","footnotes":""},"categories":[1],"tags":[],"class_list":["post-2484","post","type-post","status-publish","format-standard","hentry","category-diverse"],"_links":{"self":[{"href":"https:\/\/news-fm.ro\/index.php\/wp-json\/wp\/v2\/posts\/2484","targetHints":{"allow":["GET"]}}],"collection":[{"href":"https:\/\/news-fm.ro\/index.php\/wp-json\/wp\/v2\/posts"}],"about":[{"href":"https:\/\/news-fm.ro\/index.php\/wp-json\/wp\/v2\/types\/post"}],"author":[{"embeddable":true,"href":"https:\/\/news-fm.ro\/index.php\/wp-json\/wp\/v2\/users\/1"}],"replies":[{"embeddable":true,"href":"https:\/\/news-fm.ro\/index.php\/wp-json\/wp\/v2\/comments?post=2484"}],"version-history":[{"count":0,"href":"https:\/\/news-fm.ro\/index.php\/wp-json\/wp\/v2\/posts\/2484\/revisions"}],"wp:attachment":[{"href":"https:\/\/news-fm.ro\/index.php\/wp-json\/wp\/v2\/media?parent=2484"}],"wp:term":[{"taxonomy":"category","embeddable":true,"href":"https:\/\/news-fm.ro\/index.php\/wp-json\/wp\/v2\/categories?post=2484"},{"taxonomy":"post_tag","embeddable":true,"href":"https:\/\/news-fm.ro\/index.php\/wp-json\/wp\/v2\/tags?post=2484"}],"curies":[{"name":"wp","href":"https:\/\/api.w.org\/{rel}","templated":true}]}}