{"id":2481,"date":"2020-04-16T04:28:41","date_gmt":"2020-04-16T04:28:41","guid":{"rendered":"http:\/\/news-fm.ro\/?p=2481"},"modified":"2020-04-16T04:28:45","modified_gmt":"2020-04-16T04:28:45","slug":"expert-in-coronavirus-concertele-si-festivalurile-vor-fi-reluate-abia-in-toamna-lui-2021","status":"publish","type":"post","link":"https:\/\/news-fm.ro\/index.php\/2020\/04\/16\/expert-in-coronavirus-concertele-si-festivalurile-vor-fi-reluate-abia-in-toamna-lui-2021\/","title":{"rendered":"Expert \u00een Coronavirus: Concertele \u015fi festivalurile vor fi reluate abia \u00een toamna lui 2021"},"content":{"rendered":"\n<figure class=\"wp-block-image size-large\"><img decoding=\"async\" src=\"https:\/\/news-fm.ro\/wp-content\/uploads\/2020\/04\/NEVERSEA.jpg\" alt=\"\" class=\"wp-image-2482\"\/><\/figure>\n\n\n\n<p class=\"wp-block-paragraph\">Probabil adev\u0103rul e undeva la mijloc, dar e clar c\u0103 \u00een 2020 sunt slabe \u0219anse s\u0103 mai avem parte de vreun festival sau concert live. Pandemia de Coronavirus a schimbat radical felul \u00een care interac\u021bionam, iar m\u0103surile de distan\u021bare social\u0103 vor r\u0103m\u00e2ne cu noi mult timp dup\u0103 ce virusul va bate \u00een retragere.&nbsp;<\/p>\n\n\n\n<p class=\"wp-block-paragraph\">Am v\u0103zut deja c\u0103 \u00een afar\u0103 toate marile festivaluri s-au am\u00e2nat pentru 2021 \u0219i e de a\u0219teptat ca \u0219i \u00een Rom\u00e2nia s\u0103 se \u00eent\u00e2mple acest lucru din mai multe motive:&nbsp;<\/p>\n\n\n\n<p class=\"wp-block-paragraph\">1. Chiar dac\u0103 sc\u0103p\u0103m de starea de urgen\u021b\u0103 \u00een mai, via\u021ba noastr\u0103 o s\u0103 continue cu unele restric\u021bii pe tot anul, cum ar fi interdic\u021bia de a ne mai aduna \u00een grupuri mari, de peste 100-500-1000 de oameni. Aici, speciali\u0219tii \u00een domeniu vor conveni asupra num\u0103rului, dar e imposibil ca via\u021ba s\u0103 revin\u0103 la normal, ca \u0219i c\u00e2nd nimic nu s-ar fi \u00eent\u00e2mplat.&nbsp;<\/p>\n\n\n\n<p class=\"wp-block-paragraph\">2. Chiar dac\u0103 totul se va relaxa \u0219i autorit\u0103\u021bile vor da und\u0103 verde pentru festivaluri \u0219i concerte, e greu de crezut c\u0103 oameni vor mai fi la fel de dornici s\u0103 stea la \u00eenghesuial\u0103&nbsp;\u00een fa\u021ba unei scene. Astfel, evenimentele de genul acesta nu vor mai fi rentabile&#8230;&nbsp;<\/p>\n\n\n\n<p class=\"wp-block-paragraph\">3. Foarte mul\u021bi arti\u0219ti nu vor mai fi dispu\u0219i s\u0103 colinde lumea \u00een lung \u0219i-n lat, risc\u00e2nd s\u0103 ajung\u0103 prin \u021b\u0103ri \u00een care poate c\u0103 virusul \u00eenc\u0103 n-a disp\u0103rut complet. A\u0219a c\u0103 e de a\u0219teptat ca majoritatea arti\u0219tilor s\u0103 se limiteze la concerte \u00een \u021b\u0103rile lor, pun\u00e2nd accentul \u0219i pe importan\u021ba de a investi \u0219i sus\u021bine antreprenorii locali, printre care \u0219i organizatorii de concete \u0219i festivaluri.&nbsp;<\/p>\n\n\n\n<p class=\"wp-block-paragraph\">\u00cens\u0103, toate acestea sunt teorii. \u00cens\u0103 avem \u0219i un expert \u00een Coronavirus care a declarat pentru \u201e<em>The New York Times Magazine\u201d<\/em>&nbsp;c\u0103&nbsp;situa\u021bia nu este deloc roz pentru concerte \u0219i festivaluri \u0219i c\u0103 acestea ar putea s\u0103 fie am\u00e2nate p\u00e2n\u0103 spre sf\u00e2r\u0219itul lui 2021.<\/p>\n\n\n\n<p class=\"wp-block-paragraph\">Este vorba despre oncologul \u0219i bioeticianul&nbsp;<strong>Zeke Emanuel<\/strong>, care lucreaz\u0103 la Center For American Progress:<\/p>\n\n\n\n<blockquote class=\"wp-block-quote is-layout-flow wp-block-quote-is-layout-flow\"><p><strong>Restartarea economiei trebuie f\u0103cut\u0103 \u00een trepte \u0219i trebuie f\u0103cut\u0103 cu m\u0103suri mai bune de distan\u021bare social\u0103 \u00een locurile de munc\u0103, pentru a permite oamenilor cu riscuri mai mici de infectare s\u0103 se re\u00eentoarc\u0103 la job. Afaceri din domeniul construc\u021biilor, confec\u021biilor sau\u00a0care se def\u0103\u0219oar\u0103 \u00een birouri \u0219i \u00een locuri unde po\u021bi men\u021bine o distan\u021b\u0103 de 2 metri \u00eentre angaja\u021bi ar putea fi reluate mai repede. Nu \u00een\u021beleg cum ar putea fi posibil ca adun\u0103rile mari de persoane \u2014 conferin\u021be, concerte, evenimente sportive \u2014 care au fost am\u00e2nate pentru luna octombrie a lui 2020 s\u0103 aib\u0103 loc, nu \u00een\u021beleg cum organizatorii cred c\u0103 acest lucru e plauzibil.\u00a0Cred c\u0103 evenimentele de acest gen vor fi ultimele care vor intra \u00een normalitate. La modul cel mai realist, cred c\u0103 abia \u00een toamna lui 2021 va fi posibil acest lucru<\/strong>.<\/p><\/blockquote>\n\n\n\n<p class=\"wp-block-paragraph\">Cu toate acestea, \u00eenc\u0103 16 luni de pauz\u0103 pentru industria de evenimente live ar face ca multe astfel de business-uri s\u0103 dispar\u0103 complet, iar peisajul muzical va fi nevoit s\u0103 se reinventeze radical.&nbsp;<\/p>\n\n\n\n<p class=\"wp-block-paragraph\">A\u0219a cum spuneam la \u00eenceput, cred c\u0103 adev\u0103rul e undeva la mijloc. Probabil c\u0103 evenimentele live nu vor mai avea loc \u00een 2020, dar e posibil ca ele s\u0103 fie reluate la \u00eenceputul lui 2021, dac\u0103 pandemia de Coronavirus nu revine \u0219i dac\u0103 p\u00e2n\u0103 atunci va fi g\u0103sit m\u0103car un tratament, dac\u0103 nu chiar un vaccin.&nbsp;<\/p>\n\n\n\n<p class=\"wp-block-paragraph\">Vom vedea&#8230;<\/p>\n\n\n\n<p class=\"wp-block-paragraph\"><strong><a href=\"https:\/\/www.unsitedemuzica.ro\/stiri\/Expert-in-Coronavirus-Concertele-si-festivalurile-vor-fi-reluate-abia-in-toamna-lui-2021-p9738\">UN SITE DE MUZICA<\/a><\/strong><\/p>\n","protected":false},"excerpt":{"rendered":"<p>Probabil adev\u0103rul e undeva la mijloc, dar e clar c\u0103 \u00een 2020 sunt slabe \u0219anse s\u0103 mai avem parte de vreun festival sau concert live. Pandemia de Coronavirus a schimbat radical felul \u00een care interac\u021bionam, iar m\u0103surile de distan\u021bare social\u0103 vor r\u0103m\u00e2ne cu noi mult timp dup\u0103 ce virusul va bate \u00een retragere.&nbsp; Am v\u0103zut [&hellip;]<\/p>\n","protected":false},"author":1,"featured_media":0,"comment_status":"closed","ping_status":"closed","sticky":false,"template":"","format":"standard","meta":{"_crdt_document":"","footnotes":""},"categories":[1],"tags":[],"class_list":["post-2481","post","type-post","status-publish","format-standard","hentry","category-diverse"],"_links":{"self":[{"href":"https:\/\/news-fm.ro\/index.php\/wp-json\/wp\/v2\/posts\/2481","targetHints":{"allow":["GET"]}}],"collection":[{"href":"https:\/\/news-fm.ro\/index.php\/wp-json\/wp\/v2\/posts"}],"about":[{"href":"https:\/\/news-fm.ro\/index.php\/wp-json\/wp\/v2\/types\/post"}],"author":[{"embeddable":true,"href":"https:\/\/news-fm.ro\/index.php\/wp-json\/wp\/v2\/users\/1"}],"replies":[{"embeddable":true,"href":"https:\/\/news-fm.ro\/index.php\/wp-json\/wp\/v2\/comments?post=2481"}],"version-history":[{"count":0,"href":"https:\/\/news-fm.ro\/index.php\/wp-json\/wp\/v2\/posts\/2481\/revisions"}],"wp:attachment":[{"href":"https:\/\/news-fm.ro\/index.php\/wp-json\/wp\/v2\/media?parent=2481"}],"wp:term":[{"taxonomy":"category","embeddable":true,"href":"https:\/\/news-fm.ro\/index.php\/wp-json\/wp\/v2\/categories?post=2481"},{"taxonomy":"post_tag","embeddable":true,"href":"https:\/\/news-fm.ro\/index.php\/wp-json\/wp\/v2\/tags?post=2481"}],"curies":[{"name":"wp","href":"https:\/\/api.w.org\/{rel}","templated":true}]}}