{"id":2478,"date":"2020-04-16T04:25:09","date_gmt":"2020-04-16T04:25:09","guid":{"rendered":"http:\/\/news-fm.ro\/?p=2478"},"modified":"2020-04-16T04:25:11","modified_gmt":"2020-04-16T04:25:11","slug":"olanda-sala-eurovision-2020-devine-centru-covid-19","status":"publish","type":"post","link":"https:\/\/news-fm.ro\/index.php\/2020\/04\/16\/olanda-sala-eurovision-2020-devine-centru-covid-19\/","title":{"rendered":"OLANDA: Sala Eurovision 2020 devine centru COVID-19"},"content":{"rendered":"\n<figure class=\"wp-block-image size-large\"><img decoding=\"async\" src=\"https:\/\/news-fm.ro\/wp-content\/uploads\/2020\/04\/ahoy-arena-1024x576.jpg\" alt=\"\" class=\"wp-image-2479\"\/><\/figure>\n\n\n\n<p class=\"wp-block-paragraph\">Ora\u0219ul olandez Rotterdam transform\u0103 sala de concert preg\u0103tit\u0103 pentru concursul Eurovision \u00een centru pentru pacien\u0163ii de COVID-19.<\/p>\n\n\n\n<p class=\"wp-block-paragraph\">Ahoy Arena au fost montatne 88 de paturi de spital, o capacitate care ar putea fi extins\u0103 dac\u0103 va fi necesar.<\/p>\n\n\n\n<p class=\"wp-block-paragraph\">Olanda, una dintre pu\u0163inele \u0163\u0103ri care nu au impus izolarea total\u0103 \u00een timp de epidemie, a raportat 27.419 de infect\u0103ri, dintre care 2.945 sunt decese.<\/p>\n\n\n\n<p class=\"wp-block-paragraph\">\u201cEurope Shine a Light\u201d va avea misiunea s\u0103 uneasc\u0103 Europa \u00een vreme de pandemie.<\/p>\n\n\n\n<p class=\"wp-block-paragraph\">F\u0103r\u0103 a avea public, programul va fi difuzat \u00een seara zilei de 16 mai, c\u00e2nd ar fi trebuit s\u0103 aib\u0103 loc finala Eurovision 2020, la Rotterdam.<\/p>\n\n\n\n<p class=\"wp-block-paragraph\">\u201cEurope Shine a Light\u201d aminte\u0219te de piesa cu care Marea Britanie a c\u00e2\u015ftigat concursul muzical \u00een 1997, \u201cLove Shine a Light\u201d, interpretat\u0103 de Katrina and the Waves.<\/p>\n\n\n\n<p class=\"wp-block-paragraph\">\u201c\u00cencuraj\u0103m to\u0163i radiodifuzorii care urmau s\u0103 participe la Eurovision Song Contest de anul acesta \u015fi ceilal\u0163i membri EBU din alte \u0163\u0103ri s\u0103 difuzeze show-ul, \u00een spiritul unit\u0103\u0163ii\u201d, a spus Jon Ola Sand, director al evenimentului.<\/p>\n\n\n\n<p class=\"wp-block-paragraph\">Fiecare din cei 41 de arti\u0219ti afla\u021bi \u00een concurs vor interpreta c\u00e2te o pies\u0103 a \u021b\u0103rii sale, devenit\u0103 celebr\u0103 la edi\u0163iile anterioare ale concursului.<\/p>\n\n\n\n<p class=\"wp-block-paragraph\"><strong><a href=\"https:\/\/www.europafm.ro\/olanda-sala-eurovision-2020-devine-centru-covid-19\/\">EUROPA FM<\/a><\/strong><\/p>\n","protected":false},"excerpt":{"rendered":"<p>Ora\u0219ul olandez Rotterdam transform\u0103 sala de concert preg\u0103tit\u0103 pentru concursul Eurovision \u00een centru pentru pacien\u0163ii de COVID-19. Ahoy Arena au fost montatne 88 de paturi de spital, o capacitate care ar putea fi extins\u0103 dac\u0103 va fi necesar. Olanda, una dintre pu\u0163inele \u0163\u0103ri care nu au impus izolarea total\u0103 \u00een timp de epidemie, a raportat [&hellip;]<\/p>\n","protected":false},"author":1,"featured_media":0,"comment_status":"closed","ping_status":"closed","sticky":false,"template":"","format":"standard","meta":{"_crdt_document":"","footnotes":""},"categories":[1],"tags":[],"class_list":["post-2478","post","type-post","status-publish","format-standard","hentry","category-diverse"],"_links":{"self":[{"href":"https:\/\/news-fm.ro\/index.php\/wp-json\/wp\/v2\/posts\/2478","targetHints":{"allow":["GET"]}}],"collection":[{"href":"https:\/\/news-fm.ro\/index.php\/wp-json\/wp\/v2\/posts"}],"about":[{"href":"https:\/\/news-fm.ro\/index.php\/wp-json\/wp\/v2\/types\/post"}],"author":[{"embeddable":true,"href":"https:\/\/news-fm.ro\/index.php\/wp-json\/wp\/v2\/users\/1"}],"replies":[{"embeddable":true,"href":"https:\/\/news-fm.ro\/index.php\/wp-json\/wp\/v2\/comments?post=2478"}],"version-history":[{"count":0,"href":"https:\/\/news-fm.ro\/index.php\/wp-json\/wp\/v2\/posts\/2478\/revisions"}],"wp:attachment":[{"href":"https:\/\/news-fm.ro\/index.php\/wp-json\/wp\/v2\/media?parent=2478"}],"wp:term":[{"taxonomy":"category","embeddable":true,"href":"https:\/\/news-fm.ro\/index.php\/wp-json\/wp\/v2\/categories?post=2478"},{"taxonomy":"post_tag","embeddable":true,"href":"https:\/\/news-fm.ro\/index.php\/wp-json\/wp\/v2\/tags?post=2478"}],"curies":[{"name":"wp","href":"https:\/\/api.w.org\/{rel}","templated":true}]}}