{"id":2471,"date":"2020-04-15T04:16:03","date_gmt":"2020-04-15T04:16:03","guid":{"rendered":"http:\/\/news-fm.ro\/?p=2471"},"modified":"2020-04-15T04:16:07","modified_gmt":"2020-04-15T04:16:07","slug":"video-mariah-carey-canta-pentru-eroii-luptei-cu-actuala-pandemie","status":"publish","type":"post","link":"https:\/\/news-fm.ro\/index.php\/2020\/04\/15\/video-mariah-carey-canta-pentru-eroii-luptei-cu-actuala-pandemie\/","title":{"rendered":"VIDEO: Mariah Carey c\u00e2nt\u0103 pentru eroii luptei cu actuala pandemie"},"content":{"rendered":"\n<figure class=\"wp-block-image size-large\"><img decoding=\"async\" src=\"https:\/\/news-fm.ro\/wp-content\/uploads\/2020\/04\/mariah-carey-800x461-1.jpg\" alt=\"\" class=\"wp-image-2472\"\/><\/figure>\n\n\n\n<p class=\"wp-block-paragraph\">Aflat\u0103 \u00een autoizolare, c\u00e2nt\u0103rea\u0163a american\u0103 Mariah Carey a \u00eenregistrat o nou\u0103 versiune a baladei \u201eHero\u201d, \u00een semn de omagiu pentru lupt\u0103torii din prima linie cu actuala pandemie.<\/p>\n\n\n\n<p class=\"wp-block-paragraph\">Publicat\u0103 pe YouTube, \u00eenregistrarea a fost vizionat\u0103 de peste 500.000 de ori.<\/p>\n\n\n\n<p class=\"wp-block-paragraph\">\u201cNe afl\u0103m \u00eentr-o perioad\u0103 unic\u0103 \u00een istorie (\u2026) dar sunt recunosc\u0103toare c\u0103 at\u00e2t de mul\u0163i st\u0103m acas\u0103, \u00een siguran\u0163\u0103 \u015fi, f\u0103c\u00e2nd astfel, avem grij\u0103 unii de al\u0163ii. Suntem uni\u0163i \u00een acest efort \u015fi \u00een acest moment\u201d, a transmis c\u00e2nt\u0103rea\u0163a.<\/p>\n\n\n\n<p class=\"wp-block-paragraph\">Mariah Carey a spus c\u0103 admir\u0103 \u201esacrificiul \u015fi curajul celor care lucreaz\u0103 \u00een fiecare zi \u00een sprijinul comunit\u0103\u0163ilor\u201d.<\/p>\n\n\n\n<figure class=\"wp-block-embed-youtube wp-block-embed is-type-video is-provider-youtube wp-embed-aspect-16-9 wp-has-aspect-ratio\"><div class=\"wp-block-embed__wrapper\">\n<iframe title=\"Mariah Carey - Hero (Live at Home Tribute)\" width=\"1140\" height=\"641\" src=\"https:\/\/www.youtube.com\/embed\/LXAIAl3ZcWg?feature=oembed\" frameborder=\"0\" allow=\"accelerometer; autoplay; clipboard-write; encrypted-media; gyroscope; picture-in-picture; web-share\" allowfullscreen><\/iframe>\n<\/div><\/figure>\n\n\n\n<p class=\"wp-block-paragraph\"><strong><a href=\"https:\/\/www.europafm.ro\/mariah-carey-canta-pentru-eroii-luptei-cu-actuala-pandemie\/\">EUROPA FM<\/a><\/strong><\/p>\n","protected":false},"excerpt":{"rendered":"<p>Aflat\u0103 \u00een autoizolare, c\u00e2nt\u0103rea\u0163a american\u0103 Mariah Carey a \u00eenregistrat o nou\u0103 versiune a baladei \u201eHero\u201d, \u00een semn de omagiu pentru lupt\u0103torii din prima linie cu actuala pandemie. Publicat\u0103 pe YouTube, \u00eenregistrarea a fost vizionat\u0103 de peste 500.000 de ori. \u201cNe afl\u0103m \u00eentr-o perioad\u0103 unic\u0103 \u00een istorie (\u2026) dar sunt recunosc\u0103toare c\u0103 at\u00e2t de mul\u0163i st\u0103m [&hellip;]<\/p>\n","protected":false},"author":1,"featured_media":0,"comment_status":"closed","ping_status":"closed","sticky":false,"template":"","format":"standard","meta":{"_crdt_document":"","footnotes":""},"categories":[3],"tags":[],"class_list":["post-2471","post","type-post","status-publish","format-standard","hentry","category-stars"],"_links":{"self":[{"href":"https:\/\/news-fm.ro\/index.php\/wp-json\/wp\/v2\/posts\/2471","targetHints":{"allow":["GET"]}}],"collection":[{"href":"https:\/\/news-fm.ro\/index.php\/wp-json\/wp\/v2\/posts"}],"about":[{"href":"https:\/\/news-fm.ro\/index.php\/wp-json\/wp\/v2\/types\/post"}],"author":[{"embeddable":true,"href":"https:\/\/news-fm.ro\/index.php\/wp-json\/wp\/v2\/users\/1"}],"replies":[{"embeddable":true,"href":"https:\/\/news-fm.ro\/index.php\/wp-json\/wp\/v2\/comments?post=2471"}],"version-history":[{"count":0,"href":"https:\/\/news-fm.ro\/index.php\/wp-json\/wp\/v2\/posts\/2471\/revisions"}],"wp:attachment":[{"href":"https:\/\/news-fm.ro\/index.php\/wp-json\/wp\/v2\/media?parent=2471"}],"wp:term":[{"taxonomy":"category","embeddable":true,"href":"https:\/\/news-fm.ro\/index.php\/wp-json\/wp\/v2\/categories?post=2471"},{"taxonomy":"post_tag","embeddable":true,"href":"https:\/\/news-fm.ro\/index.php\/wp-json\/wp\/v2\/tags?post=2471"}],"curies":[{"name":"wp","href":"https:\/\/api.w.org\/{rel}","templated":true}]}}