{"id":2469,"date":"2020-04-15T04:12:17","date_gmt":"2020-04-15T04:12:17","guid":{"rendered":"http:\/\/news-fm.ro\/?p=2469"},"modified":"2020-04-15T04:12:19","modified_gmt":"2020-04-15T04:12:19","slug":"bono-u2-ofera-donatii-de-10-milioane-de-euro-pentru-irlanda-in-plina-pandemie-covid-19","status":"publish","type":"post","link":"https:\/\/news-fm.ro\/index.php\/2020\/04\/15\/bono-u2-ofera-donatii-de-10-milioane-de-euro-pentru-irlanda-in-plina-pandemie-covid-19\/","title":{"rendered":"Bono, U2 ofer\u0103 dona\u0163ii de 10 milioane de euro pentru Irlanda \u00een plin\u0103 pandemie Covid-19"},"content":{"rendered":"\n<figure class=\"wp-block-image size-large\"><img fetchpriority=\"high\" decoding=\"async\" width=\"1024\" height=\"640\" src=\"https:\/\/news-fm.ro\/wp-content\/uploads\/2020\/03\/u2-1024x640.jpg\" alt=\"\" class=\"wp-image-2183\" srcset=\"https:\/\/news-fm.ro\/wp-content\/uploads\/2020\/03\/u2-1024x640.jpg 1024w, https:\/\/news-fm.ro\/wp-content\/uploads\/2020\/03\/u2-300x188.jpg 300w, https:\/\/news-fm.ro\/wp-content\/uploads\/2020\/03\/u2-768x480.jpg 768w, https:\/\/news-fm.ro\/wp-content\/uploads\/2020\/03\/u2-1536x960.jpg 1536w, https:\/\/news-fm.ro\/wp-content\/uploads\/2020\/03\/u2-500x313.jpg 500w, https:\/\/news-fm.ro\/wp-content\/uploads\/2020\/03\/u2.jpg 1600w\" sizes=\"(max-width: 1024px) 100vw, 1024px\" \/><\/figure>\n\n\n\n<p class=\"wp-block-paragraph\">Bono se al\u0103tur\u0103 listei de celebrit\u0103\u0163i care \u00eencearc\u0103 s\u0103 \u00ee\u015fi ajute \u0163\u0103rile de ba\u015ftin\u0103, at\u00e2t prin dona\u0163ii, c\u00e2t \u015fi prin apeluri la puterile interna\u0163ionale. Afl\u0103m c\u0103 artistul a fost sunat chiar de Ministerul de Finan\u0163e irlandez, care i-a solicitat ajutorul. Cum a contribuit solistul U2 afla\u0163i \u00een articol.<\/p>\n\n\n\n<p class=\"wp-block-paragraph\">Paschal Donohoe este Ministerul de Finan\u0163e al Irlandei, iar acesta a discutat cu&nbsp;<strong>Bono<\/strong>&nbsp;\u00eenc\u0103 din luna martie. Solistul a fost pus \u00een tem\u0103 cu privire la pre\u0163urile practicate de chinezi pentru echipamente de protec\u0163ie. Ulterior trupa avea s\u0103 contribuie cu&nbsp;<strong>10 milioane de euro<\/strong>&nbsp;la achizi\u0163ionarea de&nbsp;<strong>echipamente pentru doctorii<\/strong>&nbsp;din prima linie \u00een lupta cu coronavirusul. Arti\u015ftii din<strong>&nbsp;U2<\/strong>&nbsp;au devenit mediatorii unei colabor\u0103ri stat-privat f\u0103r\u0103 precedent pentru Irlanda, c\u00e2nd vine vorba de dot\u0103ri medicale.<\/p>\n\n\n\n<p class=\"wp-block-paragraph\">Au fost implica\u0163i diploma\u0163i britanici, oficiali din China, dar \u015fi companii private. Cu c\u00e2teva zile \u00een urm\u0103 au \u00eenceput s\u0103 vin\u0103 primele transporturi de m\u0103\u015fti \u015fi costume din China, achitate de trup\u0103 \u015fi parteneri. B\u0103t\u0103lia cu Covid-19 a transformat avioanele de pasageri ale companiei irlandeze Air Lingus \u00een avioane de transport pentru acele echipamente medicale. Sunt \u015fi alte improviza\u0163ii inedite, precum multiple distilerii artizanale de gin transformate \u00een linii de produc\u0163ie pentru dezinfectant.<\/p>\n\n\n\n<p class=\"wp-block-paragraph\">Ulterior Bono a trimis o scrisoare pre\u015fedintelui coreean Moon Jae-in, cer\u00e2ndu-i ajutorul pentru a dep\u0103\u015fi criza Covid-19 din Irlanda. Muzicianul a solicitat \u015fi Coreei de Sud echipamente de protec\u0163ie. Artistul a mai fost implicat \u00een proiecte umanitare, cu ample ini\u0163iative \u00een Africa, pentru combaterea foametei \u015fi s\u0103r\u0103ciei. A participat la lupta contra SIDA, a fost de asemenea parte a concertelor caritabile Live 8 \u015fi a donat 50.000 de dolari pentru One In Four Ireland, care ajut\u0103 supravie\u0163uitorii abuzului sexual. Luna trecut\u0103, muzicianul a compus piesa\u00a0&#8220;Let your Love Be Known&#8221;, inspirat de italienii care c\u00e2nt\u0103 \u00een balcoane pe durata pandemiei.<\/p>\n\n\n\n<p class=\"wp-block-paragraph\">Recent\u00a0Bono\u00a0a l\u0103udat modul \u00een care Coreea de Sud a dep\u0103\u015fit criza Covid-19. \u0162ara asiatic\u0103 a avut 10.512 cazuri confirmate \u015fi 214 decese de la finalul lunii ianuarie \u015fi p\u00e2n\u0103 acum. Irlanda se afl\u0103 acum \u00een stare de urgen\u0163\u0103, izolare \u015fi carantin\u0103, cel pu\u0163in p\u00e2n\u0103 pe 5 mai. \u0162ara a \u00eenregistrat 320 de mor\u0163i din cauza Covid-19 \u015fi \u00eenregistreaz\u0103 8928 de cazuri de infec\u0163ie. Dac\u0103 sunt calculate \u015fi cele din Irlanda de Nord totalul este de 10645 infecta\u0163i \u015fi pacien\u0163ii deceda\u0163i ajung la 427.<\/p>\n\n\n\n<p class=\"wp-block-paragraph\"><strong><a href=\"https:\/\/www.infomusic.ro\/2020\/04\/bono-u2-ofera-donatii-de-10-milioane-de-euro-pentru-irlanda-in-plina-pandemie-covid-19\/\">INFO MUSIC<\/a><\/strong><\/p>\n","protected":false},"excerpt":{"rendered":"<p>Bono se al\u0103tur\u0103 listei de celebrit\u0103\u0163i care \u00eencearc\u0103 s\u0103 \u00ee\u015fi ajute \u0163\u0103rile de ba\u015ftin\u0103, at\u00e2t prin dona\u0163ii, c\u00e2t \u015fi prin apeluri la puterile interna\u0163ionale. Afl\u0103m c\u0103 artistul a fost sunat chiar de Ministerul de Finan\u0163e irlandez, care i-a solicitat ajutorul. Cum a contribuit solistul U2 afla\u0163i \u00een articol. Paschal Donohoe este Ministerul de Finan\u0163e al [&hellip;]<\/p>\n","protected":false},"author":1,"featured_media":2183,"comment_status":"closed","ping_status":"closed","sticky":false,"template":"","format":"standard","meta":{"_crdt_document":"","footnotes":""},"categories":[3],"tags":[],"class_list":["post-2469","post","type-post","status-publish","format-standard","has-post-thumbnail","hentry","category-stars"],"_links":{"self":[{"href":"https:\/\/news-fm.ro\/index.php\/wp-json\/wp\/v2\/posts\/2469","targetHints":{"allow":["GET"]}}],"collection":[{"href":"https:\/\/news-fm.ro\/index.php\/wp-json\/wp\/v2\/posts"}],"about":[{"href":"https:\/\/news-fm.ro\/index.php\/wp-json\/wp\/v2\/types\/post"}],"author":[{"embeddable":true,"href":"https:\/\/news-fm.ro\/index.php\/wp-json\/wp\/v2\/users\/1"}],"replies":[{"embeddable":true,"href":"https:\/\/news-fm.ro\/index.php\/wp-json\/wp\/v2\/comments?post=2469"}],"version-history":[{"count":0,"href":"https:\/\/news-fm.ro\/index.php\/wp-json\/wp\/v2\/posts\/2469\/revisions"}],"wp:featuredmedia":[{"embeddable":true,"href":"https:\/\/news-fm.ro\/index.php\/wp-json\/wp\/v2\/media\/2183"}],"wp:attachment":[{"href":"https:\/\/news-fm.ro\/index.php\/wp-json\/wp\/v2\/media?parent=2469"}],"wp:term":[{"taxonomy":"category","embeddable":true,"href":"https:\/\/news-fm.ro\/index.php\/wp-json\/wp\/v2\/categories?post=2469"},{"taxonomy":"post_tag","embeddable":true,"href":"https:\/\/news-fm.ro\/index.php\/wp-json\/wp\/v2\/tags?post=2469"}],"curies":[{"name":"wp","href":"https:\/\/api.w.org\/{rel}","templated":true}]}}