{"id":2462,"date":"2020-04-14T04:33:54","date_gmt":"2020-04-14T04:33:54","guid":{"rendered":"http:\/\/news-fm.ro\/?p=2462"},"modified":"2020-04-14T04:33:58","modified_gmt":"2020-04-14T04:33:58","slug":"tatal-deliei-are-probelme-mari-de-sanatate-iar-pandemia-de-covid-19-ii-inrautateste-situatia-suntem-legati-de-maini-si-de-picioare","status":"publish","type":"post","link":"https:\/\/news-fm.ro\/index.php\/2020\/04\/14\/tatal-deliei-are-probelme-mari-de-sanatate-iar-pandemia-de-covid-19-ii-inrautateste-situatia-suntem-legati-de-maini-si-de-picioare\/","title":{"rendered":"Tat\u0103l Deliei are probelme mari de s\u0103n\u0103tate, iar pandemia de COVID-19 \u00eei \u00eenr\u0103ut\u0103\u0163e\u015fte situa\u0163ia: \u201eSuntem lega\u0163i de m\u00e2ini \u015fi de picioare\u201d"},"content":{"rendered":"\n<figure class=\"wp-block-image size-large\"><img decoding=\"async\" src=\"https:\/\/news-fm.ro\/wp-content\/uploads\/2019\/04\/Delia.jpg\" alt=\"\" class=\"wp-image-1275\"\/><\/figure>\n\n\n\n<p class=\"wp-block-paragraph\">Tat\u0103l Deliei sufer\u0103 de ceva vreme de o boal\u0103 autoimun\u0103 \u0219i se afla pe un tratament complicat chiar \u0219i \u00eenainte de izbuncnirea pandemiei de COVID-19.<\/p>\n\n\n\n<p class=\"wp-block-paragraph\">\u00cen momentul de fa\u021b\u0103, din cauza restric\u021biilor impuse de starea de urgen\u021b\u0103 \u0219i a situa\u021biei din spitale, Nelu Matache nu-\u0219i poate continua tratamentul. Vestea a fost dat\u0103 de mama Deliei, \u00een timpul unui interviu acordat celor de la Antena Stars.&nbsp;<\/p>\n\n\n\n<blockquote class=\"wp-block-quote is-layout-flow wp-block-quote-is-layout-flow\"><p>\u201eUrm\u0103toarea mi\u0219care era s\u0103 fac\u0103 \u00eenc\u0103 o rund\u0103 de plasmaferez\u0103. Dar nu \u0219tiu\u2026 Suntem lega\u021bi de m\u00e2ini \u0219i de picioare, ce-o vrea Dumnezeu, pentru c\u0103 nu avem \u00eencredere s\u0103 plec\u0103m nic\u0103ieri. E boal\u0103 autoimun\u0103. Si e greu c\u00e2nd te ui\u021bi la om \u0219i nu \u0219tii cum s\u0103 \u00eel aju\u021bi. Boala asta nu este deloc u\u0219oar\u0103. Are dureri\u201d, a declarat mama Deliei.<\/p><\/blockquote>\n\n\n\n<p class=\"wp-block-paragraph\">Tat\u0103l Deliei a fost c\u0103lug\u0103r timp de mai mul\u021bi ani la muntele Athos. \u00cen acea perioad\u0103, el a suferit un accident la unul dintre picioare \u0219i a r\u0103ams cu dureri mari. \u00cen plus, \u00een timp ce tratau piciorul medicii i-au decoperit \u0219i o tumor\u0103 la unul dintre rinichi, a\u0219a c\u0103 i l-au extirpat. Dup\u0103 acest episod, Nelu Matache urma un tratament cu citostatice.&nbsp;<\/p>\n\n\n\n<blockquote class=\"wp-block-quote is-layout-flow wp-block-quote-is-layout-flow\"><p>\u201eEl \u00een continuare trebuia s\u0103 \u00ee\u0219i fac\u0103 citostatice, s\u0103 fac\u0103 ce trebuie s\u0103 fac\u0103, lunar, dar acum \u00ee\u021bi este \u0219i fric\u0103 s\u0103 te mai duci undeva, nici m\u0103car la analize nu mai pot s\u0103-l duc s\u0103 le fac\u0103. Nu se simte mai bine. Prioritar e Nelu, nu \u0219tiu unde s\u0103 ne ducem, c\u0103 mi-e fric\u0103 mie. Are imunitatea sc\u0103zut\u0103. St\u0103m \u00een pat toat\u0103 ziua \u0219i a\u0219tept\u0103m, s\u0103 dea drumul, adic\u0103 m\u0103car s\u0103 am siguran\u021ba c\u0103 dac\u0103 \u00eel duc \u00eentr-o clinic\u0103 privat\u0103 , va fi \u00een siguran\u021b\u0103\u201d, a mai ad\u0103ugat Gina Matache, mama Deliei.&nbsp;<\/p><\/blockquote>\n\n\n\n<p class=\"wp-block-paragraph\">Sper\u0103m c\u0103, \u00eentr-un final, totul va fi bine, iar lucrurile vor reveni la cum erau, iar tat\u0103l Deliei va putea s\u0103 se trateze cum trebuie.\u00a0<\/p>\n\n\n\n<p class=\"wp-block-paragraph\"><strong><a href=\"https:\/\/www.unsitedemuzica.ro\/stiri\/Tatal-Deliei-are-probelme-mari-de-sanatate-iar-pandemia-de-COVID-19-ii-inrautateste-situatia-Suntem-legati-de-maini-si-de-picioare-p9722\">UN SITE DE MUZICA<\/a><\/strong><\/p>\n","protected":false},"excerpt":{"rendered":"<p>Tat\u0103l Deliei sufer\u0103 de ceva vreme de o boal\u0103 autoimun\u0103 \u0219i se afla pe un tratament complicat chiar \u0219i \u00eenainte de izbuncnirea pandemiei de COVID-19. \u00cen momentul de fa\u021b\u0103, din cauza restric\u021biilor impuse de starea de urgen\u021b\u0103 \u0219i a situa\u021biei din spitale, Nelu Matache nu-\u0219i poate continua tratamentul. Vestea a fost dat\u0103 de mama Deliei, [&hellip;]<\/p>\n","protected":false},"author":1,"featured_media":0,"comment_status":"closed","ping_status":"closed","sticky":false,"template":"","format":"standard","meta":{"_crdt_document":"","footnotes":""},"categories":[3],"tags":[],"class_list":["post-2462","post","type-post","status-publish","format-standard","hentry","category-stars"],"_links":{"self":[{"href":"https:\/\/news-fm.ro\/index.php\/wp-json\/wp\/v2\/posts\/2462","targetHints":{"allow":["GET"]}}],"collection":[{"href":"https:\/\/news-fm.ro\/index.php\/wp-json\/wp\/v2\/posts"}],"about":[{"href":"https:\/\/news-fm.ro\/index.php\/wp-json\/wp\/v2\/types\/post"}],"author":[{"embeddable":true,"href":"https:\/\/news-fm.ro\/index.php\/wp-json\/wp\/v2\/users\/1"}],"replies":[{"embeddable":true,"href":"https:\/\/news-fm.ro\/index.php\/wp-json\/wp\/v2\/comments?post=2462"}],"version-history":[{"count":0,"href":"https:\/\/news-fm.ro\/index.php\/wp-json\/wp\/v2\/posts\/2462\/revisions"}],"wp:attachment":[{"href":"https:\/\/news-fm.ro\/index.php\/wp-json\/wp\/v2\/media?parent=2462"}],"wp:term":[{"taxonomy":"category","embeddable":true,"href":"https:\/\/news-fm.ro\/index.php\/wp-json\/wp\/v2\/categories?post=2462"},{"taxonomy":"post_tag","embeddable":true,"href":"https:\/\/news-fm.ro\/index.php\/wp-json\/wp\/v2\/tags?post=2462"}],"curies":[{"name":"wp","href":"https:\/\/api.w.org\/{rel}","templated":true}]}}