{"id":2460,"date":"2020-04-14T04:28:50","date_gmt":"2020-04-14T04:28:50","guid":{"rendered":"http:\/\/news-fm.ro\/?p=2460"},"modified":"2020-04-14T04:28:54","modified_gmt":"2020-04-14T04:28:54","slug":"video-andrea-bocelli-a-sustinut-cel-mai-viral-concert-din-aceasta-perioada-25-de-milioane-de-oameni-l-au-vazut-in-mai-putin-de-o-zi","status":"publish","type":"post","link":"https:\/\/news-fm.ro\/index.php\/2020\/04\/14\/video-andrea-bocelli-a-sustinut-cel-mai-viral-concert-din-aceasta-perioada-25-de-milioane-de-oameni-l-au-vazut-in-mai-putin-de-o-zi\/","title":{"rendered":"VIDEO: Andrea Bocelli a sus\u0163inut cel mai viral concert din aceast\u0103 perioad\u0103 &#8211; 25 de milioane de oameni l-au v\u0103zut \u00een mai pu\u0163in de o zi"},"content":{"rendered":"\n<figure class=\"wp-block-image size-large\"><img decoding=\"async\" src=\"https:\/\/news-fm.ro\/wp-content\/uploads\/2020\/04\/ANDREA-BOCELLI-1024x576.jpg\" alt=\"\" class=\"wp-image-2434\"\/><\/figure>\n\n\n\n<p class=\"wp-block-paragraph\">Chiar dac\u0103 Andrea Bocelii a c\u00e2ntat f\u0103r\u0103 public \u00een Catedrala din Milano, concertul s\u0103u a fost difuzat live pe YouTube \u0219i a fost vizionat de un num\u0103r record de oameni: peste 25 de milioane de vizualiz\u0103ri \u00een mai pu\u021bin de o zi.<\/p>\n\n\n\n<p class=\"wp-block-paragraph\">Astfe, concertul tenorului italian&nbsp;din seara primei zile a Pa\u0219telui catolic a devenit cel mai viral concert din perioada pandemiei de Coronavirus.&nbsp;<\/p>\n\n\n\n<p class=\"wp-block-paragraph\">Evident, la viralizarea acestui concert a contribuit enorm latura religioas\u0103, dar \u0219i faptul c\u0103 Andrea Bocelii a transmis c\u0103 va fi un moment simbolic \u0219i o ocazie ca \u00eentreaga lume s\u0103 se roage pentru Italia, dar \u0219i pentru toate \u021b\u0103rile \u0219i oamenii afecta\u021bi de pandemia de Coronavirus.\u00a0<\/p>\n\n\n\n<p class=\"wp-block-paragraph\">\u00centregul moment artistic s-a terminat pe treptele catedralei, unde Bocelli a c\u00e2ntat \u00een pia\u021ba Domului o versiune proprie a melodiei Amazing Grace.\u00a0<\/p>\n\n\n\n<figure class=\"wp-block-embed-youtube wp-block-embed is-type-video is-provider-youtube wp-embed-aspect-16-9 wp-has-aspect-ratio\"><div class=\"wp-block-embed__wrapper\">\n<iframe title=\"Andrea Bocelli: Music For Hope - Live From Duomo di Milano\" width=\"1140\" height=\"641\" src=\"https:\/\/www.youtube.com\/embed\/huTUOek4LgU?feature=oembed\" frameborder=\"0\" allow=\"accelerometer; autoplay; clipboard-write; encrypted-media; gyroscope; picture-in-picture; web-share\" allowfullscreen><\/iframe>\n<\/div><\/figure>\n\n\n\n<p class=\"wp-block-paragraph\"><strong><a href=\"https:\/\/www.unsitedemuzica.ro\/stiri\/VIDEO-Andrea-Bocelli-a-sustinut-cel-mai-viral-concert-din-aceasta-perioada-25-de-milioane-de-oameni-l-au-vazut-in-mai-putin-de-o-zi-p9720\">UN SITE DE MUZICA<\/a><\/strong><\/p>\n","protected":false},"excerpt":{"rendered":"<p>Chiar dac\u0103 Andrea Bocelii a c\u00e2ntat f\u0103r\u0103 public \u00een Catedrala din Milano, concertul s\u0103u a fost difuzat live pe YouTube \u0219i a fost vizionat de un num\u0103r record de oameni: peste 25 de milioane de vizualiz\u0103ri \u00een mai pu\u021bin de o zi. Astfe, concertul tenorului italian&nbsp;din seara primei zile a Pa\u0219telui catolic a devenit cel [&hellip;]<\/p>\n","protected":false},"author":1,"featured_media":0,"comment_status":"closed","ping_status":"closed","sticky":false,"template":"","format":"standard","meta":{"_crdt_document":"","footnotes":""},"categories":[3],"tags":[],"class_list":["post-2460","post","type-post","status-publish","format-standard","hentry","category-stars"],"_links":{"self":[{"href":"https:\/\/news-fm.ro\/index.php\/wp-json\/wp\/v2\/posts\/2460","targetHints":{"allow":["GET"]}}],"collection":[{"href":"https:\/\/news-fm.ro\/index.php\/wp-json\/wp\/v2\/posts"}],"about":[{"href":"https:\/\/news-fm.ro\/index.php\/wp-json\/wp\/v2\/types\/post"}],"author":[{"embeddable":true,"href":"https:\/\/news-fm.ro\/index.php\/wp-json\/wp\/v2\/users\/1"}],"replies":[{"embeddable":true,"href":"https:\/\/news-fm.ro\/index.php\/wp-json\/wp\/v2\/comments?post=2460"}],"version-history":[{"count":0,"href":"https:\/\/news-fm.ro\/index.php\/wp-json\/wp\/v2\/posts\/2460\/revisions"}],"wp:attachment":[{"href":"https:\/\/news-fm.ro\/index.php\/wp-json\/wp\/v2\/media?parent=2460"}],"wp:term":[{"taxonomy":"category","embeddable":true,"href":"https:\/\/news-fm.ro\/index.php\/wp-json\/wp\/v2\/categories?post=2460"},{"taxonomy":"post_tag","embeddable":true,"href":"https:\/\/news-fm.ro\/index.php\/wp-json\/wp\/v2\/tags?post=2460"}],"curies":[{"name":"wp","href":"https:\/\/api.w.org\/{rel}","templated":true}]}}