{"id":2458,"date":"2020-04-14T04:26:42","date_gmt":"2020-04-14T04:26:42","guid":{"rendered":"http:\/\/news-fm.ro\/?p=2458"},"modified":"2020-04-14T04:26:45","modified_gmt":"2020-04-14T04:26:45","slug":"video-ioana-ignat-sensibil-nu-am-somn","status":"publish","type":"post","link":"https:\/\/news-fm.ro\/index.php\/2020\/04\/14\/video-ioana-ignat-sensibil-nu-am-somn\/","title":{"rendered":"Video: Ioana Ignat &#8211; Sensibil (Nu am somn)"},"content":{"rendered":"\n<figure class=\"wp-block-image size-large\"><img decoding=\"async\" src=\"https:\/\/news-fm.ro\/wp-content\/uploads\/2019\/04\/Videoclip-DJ-Sava-Ioana-Ignat-N-am-nevoie-1024x576.jpg\" alt=\"\" class=\"wp-image-1299\"\/><\/figure>\n\n\n\n<p class=\"wp-block-paragraph\">Medit\u00e2nd la momentele cheie din via\u021ba sa, Ioana Ignat a compus o nou\u0103 pies\u0103, intitulat\u0103 &#8220;Sensibil (Nu am somn)&#8221;. Melodia este lansat\u0103 \u00eempreun\u0103 cu un videoclip regizat de Ionu\u021b Trandafir.<\/p>\n\n\n\n<p class=\"wp-block-paragraph\">Dup\u0103 single-uri cu priz\u0103 la public, precum &#8220;O lume \u00eentreag\u0103&#8221; \u0219i &#8220;Tu Nu Meri\u0163i&#8221;,&nbsp;<strong>Ioana Ignat<\/strong>&nbsp;revine cu o nou\u0103 melodie melancolic\u0103, al c\u0103rei titlu este inspirat de treapta a VII-a din portativ, denumit\u0103 \u0219i treapta &#8220;Sensibil\u0103&#8221;. Piesa este compus\u0103 de artist\u0103, av\u00e2nd ca punct de pornire momentele \u00een care oamenii sunt retrospectivi \u0219i se g\u00e2ndesc la situa\u021biile tensionate prin care au trecut, la momente cheie \u00een care au procedat corect \u0219i la puterea care \u00eei ajut\u0103 s\u0103 \u00ee\u0219i ghideze pa\u0219ii.<\/p>\n\n\n\n<p class=\"wp-block-paragraph\">Videoclipul melodiei &#8220;<strong>Sensibil (Nu am somn)<\/strong>&#8220;, regizat de Ionut Trandafir, o aduce pe Ioana \u00eentr-o serie de ipostaze emo\u021bionante, cu treceri de la con\u0219tiin\u021b\u0103 la reverie. Mesajul idilic al scenariului este completat de o coregrafie special\u0103, coordonat\u0103 de Cristian Miron.<\/p>\n\n\n\n<p class=\"wp-block-paragraph\"><strong>Ioana Ignat<\/strong>&nbsp;a fost una dintre finalistele celui de-al \u0219aselea sezon Vocea Rom\u00e2niei. T\u00e2n\u0103ra artist\u0103 a \u00eenv\u0103\u021bat s\u0103 c\u00e2nte la chitar\u0103 de pe internet. A urmat apoi cursuri de bas \u0219i contrabas. Cocheteaz\u0103 \u00een paralel cu modelling-ul.<\/p>\n\n\n\n<p class=\"wp-block-paragraph\">Dup\u0103 \u00eencheierea concursului Vocea Rom\u00e2niei, Ioana a fost remarcat\u0103 de managerul Corneliu Ursache, \u00eencep\u00e2nd astfel colaborarea cu Universal Music, Green Eye Music \u0219i Nomad Music.<\/p>\n\n\n\n<p class=\"wp-block-paragraph\"><strong>Ioana Ignat<\/strong>\u00a0are \u00een palmares hituri ca &#8220;Doar pe a ta&#8221;, al\u0103turi de Edward Sanda, &#8220;Ma dez\u00eendr\u0103gostesc&#8221;\u00a0 sau &#8220;Nu m\u0103 uita&#8221;. Recent, t\u00e2n\u0103ra a lansat piese precum &#8220;Singura Gre\u0219eal\u0103&#8221;, &#8220;Tu Nu Meri\u021bi&#8221;, &#8220;Azi&#8221; sau &#8220;O lume \u00eentreag\u0103&#8221;.<\/p>\n\n\n\n<figure class=\"wp-block-embed-youtube wp-block-embed is-type-video is-provider-youtube wp-embed-aspect-16-9 wp-has-aspect-ratio\"><div class=\"wp-block-embed__wrapper\">\n<iframe title=\"Ioana Ignat - Sensibil (Nu am somn) | Official Video\" width=\"1140\" height=\"641\" src=\"https:\/\/www.youtube.com\/embed\/JkU10QcA0g4?feature=oembed\" frameborder=\"0\" allow=\"accelerometer; autoplay; clipboard-write; encrypted-media; gyroscope; picture-in-picture; web-share\" allowfullscreen><\/iframe>\n<\/div><\/figure>\n\n\n\n<p class=\"wp-block-paragraph\"><strong><a href=\"https:\/\/www.infomusic.ro\/videoclip\/ioana-ignat-sensibil-nu-am-somn\/\">INFO MUSIC<\/a><\/strong><\/p>\n","protected":false},"excerpt":{"rendered":"<p>Medit\u00e2nd la momentele cheie din via\u021ba sa, Ioana Ignat a compus o nou\u0103 pies\u0103, intitulat\u0103 &#8220;Sensibil (Nu am somn)&#8221;. Melodia este lansat\u0103 \u00eempreun\u0103 cu un videoclip regizat de Ionu\u021b Trandafir. Dup\u0103 single-uri cu priz\u0103 la public, precum &#8220;O lume \u00eentreag\u0103&#8221; \u0219i &#8220;Tu Nu Meri\u0163i&#8221;,&nbsp;Ioana Ignat&nbsp;revine cu o nou\u0103 melodie melancolic\u0103, al c\u0103rei titlu este inspirat [&hellip;]<\/p>\n","protected":false},"author":1,"featured_media":0,"comment_status":"closed","ping_status":"closed","sticky":false,"template":"","format":"standard","meta":{"_crdt_document":"","footnotes":""},"categories":[4,3],"tags":[],"class_list":["post-2458","post","type-post","status-publish","format-standard","hentry","category-noutati","category-stars"],"_links":{"self":[{"href":"https:\/\/news-fm.ro\/index.php\/wp-json\/wp\/v2\/posts\/2458","targetHints":{"allow":["GET"]}}],"collection":[{"href":"https:\/\/news-fm.ro\/index.php\/wp-json\/wp\/v2\/posts"}],"about":[{"href":"https:\/\/news-fm.ro\/index.php\/wp-json\/wp\/v2\/types\/post"}],"author":[{"embeddable":true,"href":"https:\/\/news-fm.ro\/index.php\/wp-json\/wp\/v2\/users\/1"}],"replies":[{"embeddable":true,"href":"https:\/\/news-fm.ro\/index.php\/wp-json\/wp\/v2\/comments?post=2458"}],"version-history":[{"count":0,"href":"https:\/\/news-fm.ro\/index.php\/wp-json\/wp\/v2\/posts\/2458\/revisions"}],"wp:attachment":[{"href":"https:\/\/news-fm.ro\/index.php\/wp-json\/wp\/v2\/media?parent=2458"}],"wp:term":[{"taxonomy":"category","embeddable":true,"href":"https:\/\/news-fm.ro\/index.php\/wp-json\/wp\/v2\/categories?post=2458"},{"taxonomy":"post_tag","embeddable":true,"href":"https:\/\/news-fm.ro\/index.php\/wp-json\/wp\/v2\/tags?post=2458"}],"curies":[{"name":"wp","href":"https:\/\/api.w.org\/{rel}","templated":true}]}}